{"id":12982,"date":"2022-08-15T17:23:58","date_gmt":"2022-08-15T20:23:58","guid":{"rendered":"https:\/\/hostnetart.com.br\/baixada\/santander-negociacoes-avancam-em-pautas-especificas-das-mulheres\/"},"modified":"2022-08-15T17:23:58","modified_gmt":"2022-08-15T20:23:58","slug":"santander-negociacoes-avancam-em-pautas-especificas-das-mulheres","status":"publish","type":"post","link":"https:\/\/hostnetart.com.br\/baixada\/santander-negociacoes-avancam-em-pautas-especificas-das-mulheres\/","title":{"rendered":"Santander: Negocia\u00e7\u00f5es avan\u00e7am em pautas espec\u00edficas das mulheres"},"content":{"rendered":"<p>A Comiss\u00e3o de Organiza\u00e7\u00e3o dos Empregados (COE) do Santander se reuniu com o banco nesta sexta-feira (12) para dar continuidade \u00e0s negocia\u00e7\u00f5es da Campanha Nacional dos Banc\u00e1rios 2022, com o objetivo de renovar o Acordo Coletivo de Trabalho (ACT) espec\u00edfico dos trabalhadores do Santander, aditivo \u00e0 Conven\u00e7\u00e3o Coletiva de Trabalho (CCT) da categoria.<\/p>\n<p>A coordenadora da COE, Lucimara Malaquias, disse que o movimento obteve tr\u00eas avan\u00e7os importantes nas negocia\u00e7\u00f5es desta sexta-feira. O primeiro \u00e9 que, a pedido do movimento sindical, o banco aceita estender o per\u00edodo de amamenta\u00e7\u00e3o de 9 para 12 meses. \u201cConsideramos isso algo extremamente importante para a sa\u00fade do beb\u00ea e para o fortalecimento dos v\u00ednculos entre m\u00e3e e filho. Essa \u00e9 uma reivindica\u00e7\u00e3o importante do movimento sindical, que dialoga muito com o momento da maternidade e primeira inf\u00e2ncia\u201d, disse.<\/p>\n<p>Segundo Lucimara, tamb\u00e9m a pedido do movimento sindical, o banco aceitou tornar a preven\u00e7\u00e3o e o combate ao ass\u00e9dio sexual algo mais contundente e firme dentro das depend\u00eancias da institui\u00e7\u00e3o. \u201cEst\u00e1 sendo constru\u00eddo um termo de rela\u00e7\u00f5es trabalhistas, no qual o banco vai se posicionar e estabelecer um c\u00f3digo de conduta bastante claro em rela\u00e7\u00e3o ao ass\u00e9dio sexual. Vamos aguardar a reda\u00e7\u00e3o deste termo para que a gente fa\u00e7a nossas pondera\u00e7\u00f5es e inclua aquilo que acharmos importante\u201d, explicou. \u201cA proposta de inclus\u00e3o do termo no aditivo vem ao encontro da luta permanente dos sindicatos de combate e preven\u00e7\u00e3o ao ass\u00e9dio sexual\u201d, completou.<\/p>\n<p>O terceiro avan\u00e7o na negocia\u00e7\u00e3o de hoje \u00e9 com rela\u00e7\u00e3o a cria\u00e7\u00e3o de um termo sobre o combate \u00e0 viol\u00eancia contra mulher. \u201cEste debate tamb\u00e9m vem ocorrendo na mesa da Fenaban (Federa\u00e7\u00e3o Nacional dos Bancos) e, cada vez mais, tem se tornado algo extremamente urgente e necess\u00e1rio na sociedade brasileira\u201d, disse, ao acrescentar que o banco tamb\u00e9m enviar\u00e1 uma proposta de termo com algumas condi\u00e7\u00f5es e garantias para as v\u00edtimas de viol\u00eancia, garantindo o afastamento dos seus locais de trabalho. \u201cInclusive com a disponibiliza\u00e7\u00e3o de materiais do movimento sindical e de entidades que tenham credibilidade no assunto, no sentido de melhorar a informa\u00e7\u00e3o sobre o tema e tamb\u00e9m o combate em rela\u00e7\u00e3o a isso e, principalmente, de apoio \u00e0s v\u00edtimas nessa situa\u00e7\u00e3o\u201d, completou.\u00a0<\/p>\n<h3><strong>Emprego<\/strong><\/h3>\n<p>Outro ponto tratado na negocia\u00e7\u00e3o desta sexta-feira foi a quest\u00e3o do emprego. \u201cQueremos mais contrata\u00e7\u00f5es de banc\u00e1rios. E esta \u00e9 uma demanda urgente no Santander\u201d, reivindicou a coordenadora da COE, ao lembrar que o banco tem feito contrata\u00e7\u00f5es que, ao que tudo indica, s\u00e3o de terceirizados. \u201cO banco tem intensificado drasticamente o processo de terceiriza\u00e7\u00f5es e o movimento sindical pede n\u00fameros e detalhamento dessas contrata\u00e7\u00f5es, porque, na pr\u00e1tica, o que a gente v\u00ea na rede \u00e9 o esvaziamento das ag\u00eancias e sobrecarga de trabalho\u201d, completou.<\/p>\n<p>Para Lucimara, a automatiza\u00e7\u00e3o e a reestrutura\u00e7\u00e3o sist\u00eamica e funcional que o Santander tem feito nos \u00faltimos anos n\u00e3o tem resultado em melhores condi\u00e7\u00f5es de trabalho. \u201cAo contr\u00e1rio! Os banc\u00e1rios continuam adoecendo e cada vez mais o n\u00famero de clientes e de contas por funcion\u00e1rio tem aumentado\u201d, observou. \u201cPor isso, queremos que o banco detalhe para qual empresa do grupo est\u00e3o sendo contratados estes funcion\u00e1rios. E permanece nossa reivindica\u00e7\u00e3o para que haja contrata\u00e7\u00e3o de banc\u00e1rios\u201d, disse.<\/p>\n<p>As discuss\u00f5es sobre o tema ser\u00e3o retomadas na pr\u00f3xima reuni\u00e3o de negocia\u00e7\u00f5es, marcada para ter\u00e7a-feira (16).<\/p>\n<p><strong>Fonte: Contraf-CUT<\/strong><\/p>\n","protected":false},"excerpt":{"rendered":"<p>A Comiss\u00e3o de Organiza\u00e7\u00e3o dos Empregados (COE) do Santander se reuniu com o banco nesta sexta-feira (12) para dar continuidade \u00e0s negocia\u00e7\u00f5es da Campanha Nacional dos Banc\u00e1rios 2022, com o objetivo de renovar o Acordo Coletivo de Trabalho (ACT) espec\u00edfico dos trabalhadores do Santander, aditivo \u00e0 Conven\u00e7\u00e3o Coletiva de Trabalho (CCT) da categoria. A coordenadora [&hellip;]<\/p>\n","protected":false},"author":2,"featured_media":12981,"comment_status":"","ping_status":"","sticky":false,"template":"","format":"standard","meta":{"footnotes":""},"categories":[3],"tags":[],"class_list":["post-12982","post","type-post","status-publish","format-standard","has-post-thumbnail","hentry","category-noticias"],"_links":{"self":[{"href":"https:\/\/hostnetart.com.br\/baixada\/wp-json\/wp\/v2\/posts\/12982","targetHints":{"allow":["GET"]}}],"collection":[{"href":"https:\/\/hostnetart.com.br\/baixada\/wp-json\/wp\/v2\/posts"}],"about":[{"href":"https:\/\/hostnetart.com.br\/baixada\/wp-json\/wp\/v2\/types\/post"}],"author":[{"embeddable":true,"href":"https:\/\/hostnetart.com.br\/baixada\/wp-json\/wp\/v2\/users\/2"}],"replies":[{"embeddable":true,"href":"https:\/\/hostnetart.com.br\/baixada\/wp-json\/wp\/v2\/comments?post=12982"}],"version-history":[{"count":0,"href":"https:\/\/hostnetart.com.br\/baixada\/wp-json\/wp\/v2\/posts\/12982\/revisions"}],"wp:featuredmedia":[{"embeddable":true,"href":"https:\/\/hostnetart.com.br\/baixada\/wp-json\/wp\/v2\/media\/12981"}],"wp:attachment":[{"href":"https:\/\/hostnetart.com.br\/baixada\/wp-json\/wp\/v2\/media?parent=12982"}],"wp:term":[{"taxonomy":"category","embeddable":true,"href":"https:\/\/hostnetart.com.br\/baixada\/wp-json\/wp\/v2\/categories?post=12982"},{"taxonomy":"post_tag","embeddable":true,"href":"https:\/\/hostnetart.com.br\/baixada\/wp-json\/wp\/v2\/tags?post=12982"}],"curies":[{"name":"wp","href":"https:\/\/api.w.org\/{rel}","templated":true}]}}