{"id":12972,"date":"2022-08-11T18:08:33","date_gmt":"2022-08-11T21:08:33","guid":{"rendered":"https:\/\/hostnetart.com.br\/baixada\/caixa-se-nega-a-criar-gt-para-discutir-contencioso-da-funcef\/"},"modified":"2022-08-11T18:08:33","modified_gmt":"2022-08-11T21:08:33","slug":"caixa-se-nega-a-criar-gt-para-discutir-contencioso-da-funcef","status":"publish","type":"post","link":"https:\/\/hostnetart.com.br\/baixada\/caixa-se-nega-a-criar-gt-para-discutir-contencioso-da-funcef\/","title":{"rendered":"Caixa se nega a criar GT para discutir contencioso da Funcef"},"content":{"rendered":"<p>Em reuni\u00e3o de negocia\u00e7\u00f5es da Campanha Nacional dos Banc\u00e1rios 2022, realizada nesta quarta-feira (10), com a Comiss\u00e3o Executiva dos Empregados (CEE), a Caixa Econ\u00f4mica Federa\u00e7\u00e3o se negou a atender a reivindica\u00e7\u00e3o para que seja criado um grupo de trabalho (GT) para se debater o contencioso da Funda\u00e7\u00e3o dos Economi\u00e1rios Federais (Funcef), que \u00e9 o fundo de previd\u00eancia dos empregados da Caixa.<\/p>\n<p>\u201cO banco se esquiva de sua responsabilidade e quer se negar a debater o tema com os trabalhadores\u201d, avaliou o coordenador da CEE, Clot\u00e1rio Cardoso. \u201c<a href=\"https:\/\/contrafcut.com.br\/noticias\/contraf-cut-cobra-solucao-para-o-contencioso-judicial-na-funcef-2f2b\" target=\"_blank\" rel=\"noopener noreferrer\">J\u00e1 tratamos sobre o contencioso da Funcef faz um bom tempo<\/a>. Os participantes do fundo n\u00e3o podem arcar com despesas de a\u00e7\u00f5es trabalhistas que deveriam ser pagas pela Caixa\u201d, completou, ao deixar claro que \u00e9 uma quest\u00e3o primordial para os trabalhadores a cria\u00e7\u00e3o do GT.<\/p>\n<p>O artigo 58 da minuta de reivindica\u00e7\u00f5es dos empregados diz que a \u201ca Caixa dever\u00e1 custear integralmente o contencioso da Funcef que tenha origem na rela\u00e7\u00e3o de emprego entre participante e a patrocinadora\u201d (a Caixa). O Par\u00e1grafo Primeiro deste artigo define ainda que ser\u00e1 mantido um grupo de trabalho, composto por igual n\u00famero de indicados pela Caixa e dos representantes dos empregados para tratar do contencioso Funcef.<\/p>\n<p>O banco entendeu que se trata de um ponto essencial para os trabalhadores, mas disse que a decis\u00e3o pela cria\u00e7\u00e3o do GT precisa partir da pr\u00f3pria funda\u00e7\u00e3o.<\/p>\n<h3><strong>Incorpora\u00e7\u00e3o do REB<\/strong><\/h3>\n<p>Com rela\u00e7\u00e3o \u00e0 reivindica\u00e7\u00e3o de incorpora\u00e7\u00e3o do Plano de Benef\u00edcios \u2013 REB ao novo plano Funcef, o banco disse que existe o interesse de todas as partes (Funcef, trabalhadores e banco) de que isso aconte\u00e7a e que t\u00e3o logo seja poss\u00edvel ser\u00e1 feito.<\/p>\n<h3><strong>Transpar\u00eancia e paridade na Funcef<\/strong><\/h3>\n<p>Os trabalhadores tamb\u00e9m reivindicaram que a Caixa garanta a transpar\u00eancia na divulga\u00e7\u00e3o dos n\u00fameros e demonstra\u00e7\u00f5es financeiras dos fundos de pens\u00e3o da Funcef; o fim do voto de minerva; e o restabelecimento da paridade na Funcef.<\/p>\n<p>A Caixa alega que a Funcef \u00e9 privada e tem personalidade jur\u00eddica pr\u00f3pria, mas disse que existe transpar\u00eancia e que, inclusive, as informa\u00e7\u00f5es s\u00e3o p\u00fablicas e est\u00e3o dispon\u00edveis no site da entidade. Disse ainda que existe paridade na Funcef.<\/p>\n<p>\u201cA paridade foi quebrada quando a Caixa resolveu, de forma unilateral, mudar o estatuto da Funcef e extinguir uma das diretorias que era eleita pelos participantes\u201d, retrucou Cardoso ao lembrar que, mesmo que no novo estatuto a paridade tenha sido mantida, na pr\u00e1tica o banco j\u00e1 extinguiu a diretoria eleita pelos empregados e manteve a diretoria indicada pelo banco. \u201cS\u00e3o tr\u00eas diretorias indicadas e duas eleitas. Isso sem contar o voto de minerva da presid\u00eancia\u201d, explicou.<\/p>\n<h3><strong>Mulheres<\/strong><\/h3>\n<p>A Caixa quis tratar do Caixa pra Elas, que segundo o banco, \u00e9 uma iniciativa para auxiliar as mulheres do Brasil, em especial as de baixa renda, a se tornarem protagonistas de suas realiza\u00e7\u00f5es. Mas, na pr\u00e1tica,\u00a0<a href=\"https:\/\/contrafcut.com.br\/noticias\/discurso-da-nova-gestao-da-caixa-nao-bate-com-a-pratica\/\" target=\"_blank\" rel=\"noopener noreferrer\">os empregados t\u00eam reclamado<\/a>\u00a0que se trata mais de uma a\u00e7\u00e3o de marketing, para amenizar os impactos sofridos com o esc\u00e2ndalo das den\u00fancias envolvendo o ex-presidente da Caixa (Pedro Guimar\u00e3es), do que algo que efetivamente possa reduzir os problemas enfrentados pelas mulheres brasileiras. Dizem que, inclusive, o programa tem sido utilizado como ferramenta de ass\u00e9dio, com gestores for\u00e7ando a produ\u00e7\u00e3o de fotos e filmagens de entrega de bombons para as mulheres, al\u00e9m da venda de produtos. A representa\u00e7\u00e3o dos empregados pediu que seja agendada uma data espec\u00edfica para tratar do Caixa pra Elas.<\/p>\n<p>A representa\u00e7\u00e3o dos empregados reivindicou que o banco solucionasse\u00a0<a href=\"https:\/\/bancariosal.org.br\/noticia\/27194\/entidades-cobram-solucao-do-governo-para-mulheres-pre-da-caixa\" target=\"_blank\" rel=\"noopener noreferrer\">quest\u00e3o das mulheres que ingressaram na Caixa at\u00e9 junho de 1979<\/a>\u00a0e, quando solicitaram aposentadoria proporcional, foram discriminadas, passando a receber um benef\u00edcio menor que os homens admitidos na empresa no mesmo per\u00edodo. Na \u00e9poca, o regulamento dos planos de benef\u00edcios tinha como um dos seus crit\u00e9rios o sexo do participante na fixa\u00e7\u00e3o do percentual sobre o qual era calculado o benef\u00edcio, sendo que para os homens (30 anos de contribui\u00e7\u00e3o) era dado o percentual de 80% e para as mulheres (25 anos de contribui\u00e7\u00e3o), 70%. Posteriormente, o regulamento foi alterado pondo fim a essa distin\u00e7\u00e3o, mas as que se aposentaram antes da solu\u00e7\u00e3o ficaram com o benef\u00edcio reduzido.<\/p>\n<p>A Caixa n\u00e3o quis tratar do assunto, alegando que o mesmo n\u00e3o havia sido pautado previamente para a reuni\u00e3o.<\/p>\n<h3><strong>Pr\u00f3xima negocia\u00e7\u00e3o<\/strong><\/h3>\n<p>A pr\u00f3xima reuni\u00e3o de negocia\u00e7\u00f5es entre a CEE e a Caixa ficou agendada para sexta-feira, \u00e0s 16h.<\/p>\n<p><strong>Fonte: Contraf-CUT<\/strong><\/p>\n","protected":false},"excerpt":{"rendered":"<p>Em reuni\u00e3o de negocia\u00e7\u00f5es da Campanha Nacional dos Banc\u00e1rios 2022, realizada nesta quarta-feira (10), com a Comiss\u00e3o Executiva dos Empregados (CEE), a Caixa Econ\u00f4mica Federa\u00e7\u00e3o se negou a atender a reivindica\u00e7\u00e3o para que seja criado um grupo de trabalho (GT) para se debater o contencioso da Funda\u00e7\u00e3o dos Economi\u00e1rios Federais (Funcef), que \u00e9 o fundo [&hellip;]<\/p>\n","protected":false},"author":2,"featured_media":12971,"comment_status":"","ping_status":"","sticky":false,"template":"","format":"standard","meta":{"footnotes":""},"categories":[3],"tags":[],"class_list":["post-12972","post","type-post","status-publish","format-standard","has-post-thumbnail","hentry","category-noticias"],"_links":{"self":[{"href":"https:\/\/hostnetart.com.br\/baixada\/wp-json\/wp\/v2\/posts\/12972","targetHints":{"allow":["GET"]}}],"collection":[{"href":"https:\/\/hostnetart.com.br\/baixada\/wp-json\/wp\/v2\/posts"}],"about":[{"href":"https:\/\/hostnetart.com.br\/baixada\/wp-json\/wp\/v2\/types\/post"}],"author":[{"embeddable":true,"href":"https:\/\/hostnetart.com.br\/baixada\/wp-json\/wp\/v2\/users\/2"}],"replies":[{"embeddable":true,"href":"https:\/\/hostnetart.com.br\/baixada\/wp-json\/wp\/v2\/comments?post=12972"}],"version-history":[{"count":0,"href":"https:\/\/hostnetart.com.br\/baixada\/wp-json\/wp\/v2\/posts\/12972\/revisions"}],"wp:featuredmedia":[{"embeddable":true,"href":"https:\/\/hostnetart.com.br\/baixada\/wp-json\/wp\/v2\/media\/12971"}],"wp:attachment":[{"href":"https:\/\/hostnetart.com.br\/baixada\/wp-json\/wp\/v2\/media?parent=12972"}],"wp:term":[{"taxonomy":"category","embeddable":true,"href":"https:\/\/hostnetart.com.br\/baixada\/wp-json\/wp\/v2\/categories?post=12972"},{"taxonomy":"post_tag","embeddable":true,"href":"https:\/\/hostnetart.com.br\/baixada\/wp-json\/wp\/v2\/tags?post=12972"}],"curies":[{"name":"wp","href":"https:\/\/api.w.org\/{rel}","templated":true}]}}