{"id":12970,"date":"2022-08-10T18:40:52","date_gmt":"2022-08-10T21:40:52","guid":{"rendered":"https:\/\/hostnetart.com.br\/baixada\/com-fechamento-de-agencias-no-rio-clientes-do-mercantil-do-brasil-serao-atendidos-por-correspondente-bancario\/"},"modified":"2022-08-10T18:40:52","modified_gmt":"2022-08-10T21:40:52","slug":"com-fechamento-de-agencias-no-rio-clientes-do-mercantil-do-brasil-serao-atendidos-por-correspondente-bancario","status":"publish","type":"post","link":"https:\/\/hostnetart.com.br\/baixada\/com-fechamento-de-agencias-no-rio-clientes-do-mercantil-do-brasil-serao-atendidos-por-correspondente-bancario\/","title":{"rendered":"Com fechamento de ag\u00eancias no Rio, clientes do Mercantil do Brasil ser\u00e3o atendidos por correspondente banc\u00e1rio"},"content":{"rendered":"<p>Apenas tr\u00eas dias ap\u00f3s o encerramento das ag\u00eancias banc\u00e1rias do Mercantil do Brasil no Rio de Janeiro, clientes e usu\u00e1rios fluminenses da institui\u00e7\u00e3o financeira passaram a ser atendidos pela empresa de correspondente banc\u00e1rio MG Grupo, que inaugurou uma unidade capital do Estado. \u201cIsto mostra, claramente, que o objetivo do banco sempre foi a terceiriza\u00e7\u00e3o dos servi\u00e7os, \u00e0s custas da demiss\u00e3o de dezenas de banc\u00e1rios e o fim de direitos hist\u00f3ricos conquistado por estes trabalhadores\u201d, afirmou Marco Aur\u00e9lio, funcion\u00e1rio do Mercantil do Brasil, coordenador nacional da Comiss\u00e3o de Organiza\u00e7\u00e3o dos Empregados (COE) do banco.<\/p>\n<p>O endere\u00e7o da nova loja pertencia, at\u00e9 recentemente, a uma ag\u00eancia do Santander, que tamb\u00e9m est\u00e1 fechando dezenas de unidades e demitindo trabalhadores. O layout e m\u00f3veis da loja s\u00e3o praticamente id\u00eanticos aos das ag\u00eancias encerradas e os equipamentos de autoatendimento s\u00e3o os mesmos do Mercantil. J\u00e1 o sal\u00e1rio e os direitos dos novos trabalhadores terceirizados s\u00e3o muito inferiores.<\/p>\n<p>Para o coordenador da COE, a categoria banc\u00e1ria e os clientes sofrem com essas mudan\u00e7as patrocinadas pela insaci\u00e1vel sede de lucros cada vez maiores. \u201cA atua\u00e7\u00e3o dos correspondentes banc\u00e1rios gera uma s\u00e9rie de consequ\u00eancias negativas, como o achatamento salarial, demiss\u00f5es de banc\u00e1rios, cria\u00e7\u00e3o de categorias sem ou com pouca representatividade sindical e precariza\u00e7\u00e3o no atendimento\u201d, afirmou.<\/p>\n<p>\u201cEsse processo de terceiriza\u00e7\u00e3o praticado pelo Mercantil \u00e9 uma demonstra\u00e7\u00e3o clara de desrespeito com funcion\u00e1rios e clientes, que ter\u00e3o seus dados pessoais e informa\u00e7\u00f5es confidenciais expostos a uma empresa terceirizada\u201d, destacou Vanderci Ant\u00f4nio, funcion\u00e1rio do banco e dirigente sindical.<\/p>\n<p>O Sindicato dos Banc\u00e1rios do Rio de Janeiro e a Confedera\u00e7\u00e3o Nacional dos Trabalhadores do Ramo Financeiro (Contraf-CUT), com intermedia\u00e7\u00e3o do Minist\u00e9rio P\u00fablico do Trabalho do RJ, continuam a pressionar a dire\u00e7\u00e3o do Mercantil para a garantia de direitos e propostas reparadoras aos banc\u00e1rios demitidos.<\/p>\n<p><strong>Fonte: Contraf-CUT<\/strong><\/p>\n","protected":false},"excerpt":{"rendered":"<p>Apenas tr\u00eas dias ap\u00f3s o encerramento das ag\u00eancias banc\u00e1rias do Mercantil do Brasil no Rio de Janeiro, clientes e usu\u00e1rios fluminenses da institui\u00e7\u00e3o financeira passaram a ser atendidos pela empresa de correspondente banc\u00e1rio MG Grupo, que inaugurou uma unidade capital do Estado. \u201cIsto mostra, claramente, que o objetivo do banco sempre foi a terceiriza\u00e7\u00e3o dos [&hellip;]<\/p>\n","protected":false},"author":2,"featured_media":12969,"comment_status":"","ping_status":"","sticky":false,"template":"","format":"standard","meta":{"footnotes":""},"categories":[3],"tags":[],"class_list":["post-12970","post","type-post","status-publish","format-standard","has-post-thumbnail","hentry","category-noticias"],"_links":{"self":[{"href":"https:\/\/hostnetart.com.br\/baixada\/wp-json\/wp\/v2\/posts\/12970","targetHints":{"allow":["GET"]}}],"collection":[{"href":"https:\/\/hostnetart.com.br\/baixada\/wp-json\/wp\/v2\/posts"}],"about":[{"href":"https:\/\/hostnetart.com.br\/baixada\/wp-json\/wp\/v2\/types\/post"}],"author":[{"embeddable":true,"href":"https:\/\/hostnetart.com.br\/baixada\/wp-json\/wp\/v2\/users\/2"}],"replies":[{"embeddable":true,"href":"https:\/\/hostnetart.com.br\/baixada\/wp-json\/wp\/v2\/comments?post=12970"}],"version-history":[{"count":0,"href":"https:\/\/hostnetart.com.br\/baixada\/wp-json\/wp\/v2\/posts\/12970\/revisions"}],"wp:featuredmedia":[{"embeddable":true,"href":"https:\/\/hostnetart.com.br\/baixada\/wp-json\/wp\/v2\/media\/12969"}],"wp:attachment":[{"href":"https:\/\/hostnetart.com.br\/baixada\/wp-json\/wp\/v2\/media?parent=12970"}],"wp:term":[{"taxonomy":"category","embeddable":true,"href":"https:\/\/hostnetart.com.br\/baixada\/wp-json\/wp\/v2\/categories?post=12970"},{"taxonomy":"post_tag","embeddable":true,"href":"https:\/\/hostnetart.com.br\/baixada\/wp-json\/wp\/v2\/tags?post=12970"}],"curies":[{"name":"wp","href":"https:\/\/api.w.org\/{rel}","templated":true}]}}