{"id":12968,"date":"2022-08-10T17:43:15","date_gmt":"2022-08-10T20:43:15","guid":{"rendered":"https:\/\/hostnetart.com.br\/baixada\/atos-pela-democracia-acontecem-em-todo-o-pais-nesta-quinta-11\/"},"modified":"2022-08-10T17:43:15","modified_gmt":"2022-08-10T20:43:15","slug":"atos-pela-democracia-acontecem-em-todo-o-pais-nesta-quinta-11","status":"publish","type":"post","link":"https:\/\/hostnetart.com.br\/baixada\/atos-pela-democracia-acontecem-em-todo-o-pais-nesta-quinta-11\/","title":{"rendered":"Atos pela democracia acontecem em todo o pa\u00eds nesta quinta (11)"},"content":{"rendered":"<p>Brasileiros de todas as regi\u00f5es do pa\u00eds est\u00e3o se organizando para manifesta\u00e7\u00f5es, nesta quinta-feira, dia 11 de agosto, em defesa do estado de direito, que envolve a garantia da democracia e do sistema eleitoral com as urnas eletr\u00f4nicas, consideradas seguras pela comunidade internacional.<\/p>\n<p>At\u00e9 o momento,\u00a0<a href=\"https:\/\/www.cut.org.br\/noticias\/em-22-capitais-e-no-df-ja-tem-atos-pela-democracia-marcados-para-quinta-11-3d42\" target=\"_blank\" rel=\"noopener noreferrer\">foram confirmados atos em 22 capitais, no Distrito Federal e em diversas cidades de interior<\/a>, conforme reportagem da do site da Central \u00danica dos Trabalhadores (CUT). A Coaliz\u00e3o em Defesa do Sistema Eleitoral, da qual a Confedera\u00e7\u00e3o Nacional dos Trabalhadores no Ramo Financeiro (Contraf-CUT), est\u00e1 impulsionando os atos de rua e nas universidades brasileiras.<\/p>\n<p>Os protestos s\u00e3o organizados pela CUT, outras centrais sindicais, movimentos populares, entidades estudantis e partidos pol\u00edticos, e marcam a retomada das ruas em protesto contra os constantes ataques \u00e0s institui\u00e7\u00f5es democr\u00e1ticas.<\/p>\n<p>Os organizadores dizem que \u201ca popula\u00e7\u00e3o brasileira n\u00e3o quer e n\u00e3o pode pagar pela bagun\u00e7a que Bolsonaro est\u00e1 criando ao tumultuar a ordem democr\u00e1tica do pa\u00eds; o povo n\u00e3o quer um golpe\u201d.<\/p>\n<p>No mesmo dia 11 ser\u00e1 feita a leitura da\u00a0<em>Carta \u00e0s brasileiras e aos brasileiros em defesa do Estado Democr\u00e1tico de Direito<\/em>, na Faculdade de Direito do Largo S\u00e3o Francisco, em S\u00e3o Paulo, que j\u00e1 recebeu a ades\u00e3o de quase 800 mil pessoas.\u00a0<a href=\"https:\/\/www.estadodedireitosempre.com\/\" target=\"_blank\" rel=\"noopener noreferrer\">O manifesto ainda pode ser assinado, por este link<\/a>.<\/p>\n<p><strong>Fonte: Contraf-CUT<\/strong><\/p>\n","protected":false},"excerpt":{"rendered":"<p>Brasileiros de todas as regi\u00f5es do pa\u00eds est\u00e3o se organizando para manifesta\u00e7\u00f5es, nesta quinta-feira, dia 11 de agosto, em defesa do estado de direito, que envolve a garantia da democracia e do sistema eleitoral com as urnas eletr\u00f4nicas, consideradas seguras pela comunidade internacional. At\u00e9 o momento,\u00a0foram confirmados atos em 22 capitais, no Distrito Federal e [&hellip;]<\/p>\n","protected":false},"author":2,"featured_media":12967,"comment_status":"","ping_status":"","sticky":false,"template":"","format":"standard","meta":{"footnotes":""},"categories":[3],"tags":[],"class_list":["post-12968","post","type-post","status-publish","format-standard","has-post-thumbnail","hentry","category-noticias"],"_links":{"self":[{"href":"https:\/\/hostnetart.com.br\/baixada\/wp-json\/wp\/v2\/posts\/12968","targetHints":{"allow":["GET"]}}],"collection":[{"href":"https:\/\/hostnetart.com.br\/baixada\/wp-json\/wp\/v2\/posts"}],"about":[{"href":"https:\/\/hostnetart.com.br\/baixada\/wp-json\/wp\/v2\/types\/post"}],"author":[{"embeddable":true,"href":"https:\/\/hostnetart.com.br\/baixada\/wp-json\/wp\/v2\/users\/2"}],"replies":[{"embeddable":true,"href":"https:\/\/hostnetart.com.br\/baixada\/wp-json\/wp\/v2\/comments?post=12968"}],"version-history":[{"count":0,"href":"https:\/\/hostnetart.com.br\/baixada\/wp-json\/wp\/v2\/posts\/12968\/revisions"}],"wp:featuredmedia":[{"embeddable":true,"href":"https:\/\/hostnetart.com.br\/baixada\/wp-json\/wp\/v2\/media\/12967"}],"wp:attachment":[{"href":"https:\/\/hostnetart.com.br\/baixada\/wp-json\/wp\/v2\/media?parent=12968"}],"wp:term":[{"taxonomy":"category","embeddable":true,"href":"https:\/\/hostnetart.com.br\/baixada\/wp-json\/wp\/v2\/categories?post=12968"},{"taxonomy":"post_tag","embeddable":true,"href":"https:\/\/hostnetart.com.br\/baixada\/wp-json\/wp\/v2\/tags?post=12968"}],"curies":[{"name":"wp","href":"https:\/\/api.w.org\/{rel}","templated":true}]}}