{"id":12958,"date":"2022-08-10T14:39:45","date_gmt":"2022-08-10T17:39:45","guid":{"rendered":"https:\/\/hostnetart.com.br\/baixada\/financiarios-se-reunem-com-a-fenacrefi-na-sexta-12\/"},"modified":"2022-08-10T14:39:45","modified_gmt":"2022-08-10T17:39:45","slug":"financiarios-se-reunem-com-a-fenacrefi-na-sexta-12","status":"publish","type":"post","link":"https:\/\/hostnetart.com.br\/baixada\/financiarios-se-reunem-com-a-fenacrefi-na-sexta-12\/","title":{"rendered":"Financi\u00e1rios se re\u00fanem com a Fenacrefi na sexta (12)"},"content":{"rendered":"<p>Representantes dos financi\u00e1rios, formados por membro do coletivo da Confedera\u00e7\u00e3o Nacional do Ramo Financeiro (Contraf-CUT), federa\u00e7\u00f5es e sindicatos, se re\u00fanem com a Federa\u00e7\u00e3o Interestadual das Institui\u00e7\u00f5es de Cr\u00e9dito, Financiamento e Investimento (Fenacrefi), na sexta-feira (12). Essa ser\u00e1 a primeira reuni\u00e3o de negocia\u00e7\u00e3o da Campanha Nacional 2022. A pauta de reivindica\u00e7\u00f5es dos trabalhadores foi entregue \u00e0 Fenacrefi no dia 15 de junho.<\/p>\n<p>A pauta do encontro ser\u00e1 reajuste salarial, Participa\u00e7\u00e3o nos Lucros e\/ou Resultados (PLR) e defini\u00e7\u00e3o do calend\u00e1rio negocial. \u201cA pauta dos financi\u00e1rios foi constru\u00edda coletivamente por meio de consulta e encontros de trabalhadores em todo o pa\u00eds. A categoria quer a manuten\u00e7\u00e3o de todos os direitos previstos na atual CCT e tamb\u00e9m avan\u00e7ar em novas conquistas, como aumento real para sal\u00e1rios e demais verbas, regulamenta\u00e7\u00e3o do teletrabalho, melhorias nas quest\u00f5es de sa\u00fade, como aumento do prazo de extens\u00e3o do plano aos demitidos e cl\u00e1usulas espec\u00edficas sobre tratamento da covid e suas sequelas\u201d, lembrou o dirigente sindical da coordenador do Coletivo dos Financi\u00e1rios da Confedera\u00e7\u00e3o Nacional dos Trabalhadores do Ramo Financeiro (Contraf-CUT), Jair Alves.<\/p>\n<p><strong>Fonte: Contraf-CUT<\/strong><\/p>\n","protected":false},"excerpt":{"rendered":"<p>Representantes dos financi\u00e1rios, formados por membro do coletivo da Confedera\u00e7\u00e3o Nacional do Ramo Financeiro (Contraf-CUT), federa\u00e7\u00f5es e sindicatos, se re\u00fanem com a Federa\u00e7\u00e3o Interestadual das Institui\u00e7\u00f5es de Cr\u00e9dito, Financiamento e Investimento (Fenacrefi), na sexta-feira (12). Essa ser\u00e1 a primeira reuni\u00e3o de negocia\u00e7\u00e3o da Campanha Nacional 2022. A pauta de reivindica\u00e7\u00f5es dos trabalhadores foi entregue \u00e0 [&hellip;]<\/p>\n","protected":false},"author":2,"featured_media":12957,"comment_status":"","ping_status":"","sticky":false,"template":"","format":"standard","meta":{"footnotes":""},"categories":[3],"tags":[],"class_list":["post-12958","post","type-post","status-publish","format-standard","has-post-thumbnail","hentry","category-noticias"],"_links":{"self":[{"href":"https:\/\/hostnetart.com.br\/baixada\/wp-json\/wp\/v2\/posts\/12958","targetHints":{"allow":["GET"]}}],"collection":[{"href":"https:\/\/hostnetart.com.br\/baixada\/wp-json\/wp\/v2\/posts"}],"about":[{"href":"https:\/\/hostnetart.com.br\/baixada\/wp-json\/wp\/v2\/types\/post"}],"author":[{"embeddable":true,"href":"https:\/\/hostnetart.com.br\/baixada\/wp-json\/wp\/v2\/users\/2"}],"replies":[{"embeddable":true,"href":"https:\/\/hostnetart.com.br\/baixada\/wp-json\/wp\/v2\/comments?post=12958"}],"version-history":[{"count":0,"href":"https:\/\/hostnetart.com.br\/baixada\/wp-json\/wp\/v2\/posts\/12958\/revisions"}],"wp:featuredmedia":[{"embeddable":true,"href":"https:\/\/hostnetart.com.br\/baixada\/wp-json\/wp\/v2\/media\/12957"}],"wp:attachment":[{"href":"https:\/\/hostnetart.com.br\/baixada\/wp-json\/wp\/v2\/media?parent=12958"}],"wp:term":[{"taxonomy":"category","embeddable":true,"href":"https:\/\/hostnetart.com.br\/baixada\/wp-json\/wp\/v2\/categories?post=12958"},{"taxonomy":"post_tag","embeddable":true,"href":"https:\/\/hostnetart.com.br\/baixada\/wp-json\/wp\/v2\/tags?post=12958"}],"curies":[{"name":"wp","href":"https:\/\/api.w.org\/{rel}","templated":true}]}}