{"id":12956,"date":"2022-08-10T14:35:37","date_gmt":"2022-08-10T17:35:37","guid":{"rendered":"https:\/\/hostnetart.com.br\/baixada\/mercantil-retira-patrocinio-da-cava\/"},"modified":"2022-08-10T14:35:37","modified_gmt":"2022-08-10T17:35:37","slug":"mercantil-retira-patrocinio-da-cava","status":"publish","type":"post","link":"https:\/\/hostnetart.com.br\/baixada\/mercantil-retira-patrocinio-da-cava\/","title":{"rendered":"Mercantil retira patroc\u00ednio da CAVA"},"content":{"rendered":"<p>O grupo Mercantil do Brasil anunciou a retirada do patroc\u00ednio do plano de benef\u00edcios previdenci\u00e1rios da CAVA e que a decis\u00e3o seguir\u00e1 para provid\u00eancias e posterior submiss\u00e3o \u00e0 Previc, para a devida aprova\u00e7\u00e3o. A CAVA, que tem no nome a homenagem a Vicente Ara\u00fajo, fundador do Mercantil, foi criada pelos empregados, em 3 de maio de 1958, sob a forma de associa\u00e7\u00e3o e declarada de utilidade p\u00fablica pela Lei Estadual de Minas Gerais n\u00ba 2.601, de 5 de janeiro de 1962, com a miss\u00e3o de oferecer os seguintes benef\u00edcios aos seus participantes: aux\u00edlio natalidade, aux\u00edlio educacional CAVA, aux\u00edlio doen\u00e7a, aux\u00edlio funeral e pec\u00falio por morte.<\/p>\n<p>Prevista por lei complementar, a retirada de patroc\u00ednio \u00e9 uma prerrogativa do patrocinador. Entretanto, deve ser tratada como algo excepcional, somente em casos extremos, e deve ter uma s\u00e9rie de garantias \u00e0 parte mais prejudicada na a\u00e7\u00e3o, ou seja, os trabalhadores que s\u00e3o participantes dos planos, atitude que n\u00e3o foi observada pelo Mercantil.<\/p>\n<p>Para a Comiss\u00e3o de Organiza\u00e7\u00e3o dos Empregados (COE), o fim do patroc\u00ednio e a iminente extin\u00e7\u00e3o dos benef\u00edcios aos funcion\u00e1rios representam que o Mercantil do Brasil segue sua sana por lucros cada vez mais exorbitantes, em detrimento da qualidade de vida e valoriza\u00e7\u00e3o dos seus trabalhadores. \u201cN\u00e3o concordamos com a retirada de patroc\u00ednio da CAVA. A retirada \u00e9 um tapa na cara dos funcion\u00e1rios do Mercantil do Brasil que contribu\u00edram a vida inteira para preservar seus benef\u00edcios\u201d, destacou Marco Aur\u00e9lio Alves, funcion\u00e1rio do Mercantil e coordenador nacional da COE.<\/p>\n<p>J\u00e1 para Vanderci Ant\u00f4nio, tamb\u00e9m funcion\u00e1rio do banco, \u201ca retirada do patroc\u00ednio da CAVA, significa fugir de uma responsabilidade assumida pelo pr\u00f3prio Mercantil do Brasil com seus funcion\u00e1rios, que honraram suas obriga\u00e7\u00f5es durante muitos anos e agora est\u00e3o correndo o risco de serem prejudicados nos seus benef\u00edcios\u201d.<\/p>\n<p><strong>Fonte: Contraf-CUT<\/strong><\/p>\n","protected":false},"excerpt":{"rendered":"<p>O grupo Mercantil do Brasil anunciou a retirada do patroc\u00ednio do plano de benef\u00edcios previdenci\u00e1rios da CAVA e que a decis\u00e3o seguir\u00e1 para provid\u00eancias e posterior submiss\u00e3o \u00e0 Previc, para a devida aprova\u00e7\u00e3o. A CAVA, que tem no nome a homenagem a Vicente Ara\u00fajo, fundador do Mercantil, foi criada pelos empregados, em 3 de maio [&hellip;]<\/p>\n","protected":false},"author":2,"featured_media":12955,"comment_status":"","ping_status":"","sticky":false,"template":"","format":"standard","meta":{"footnotes":""},"categories":[3],"tags":[],"class_list":["post-12956","post","type-post","status-publish","format-standard","has-post-thumbnail","hentry","category-noticias"],"_links":{"self":[{"href":"https:\/\/hostnetart.com.br\/baixada\/wp-json\/wp\/v2\/posts\/12956","targetHints":{"allow":["GET"]}}],"collection":[{"href":"https:\/\/hostnetart.com.br\/baixada\/wp-json\/wp\/v2\/posts"}],"about":[{"href":"https:\/\/hostnetart.com.br\/baixada\/wp-json\/wp\/v2\/types\/post"}],"author":[{"embeddable":true,"href":"https:\/\/hostnetart.com.br\/baixada\/wp-json\/wp\/v2\/users\/2"}],"replies":[{"embeddable":true,"href":"https:\/\/hostnetart.com.br\/baixada\/wp-json\/wp\/v2\/comments?post=12956"}],"version-history":[{"count":0,"href":"https:\/\/hostnetart.com.br\/baixada\/wp-json\/wp\/v2\/posts\/12956\/revisions"}],"wp:featuredmedia":[{"embeddable":true,"href":"https:\/\/hostnetart.com.br\/baixada\/wp-json\/wp\/v2\/media\/12955"}],"wp:attachment":[{"href":"https:\/\/hostnetart.com.br\/baixada\/wp-json\/wp\/v2\/media?parent=12956"}],"wp:term":[{"taxonomy":"category","embeddable":true,"href":"https:\/\/hostnetart.com.br\/baixada\/wp-json\/wp\/v2\/categories?post=12956"},{"taxonomy":"post_tag","embeddable":true,"href":"https:\/\/hostnetart.com.br\/baixada\/wp-json\/wp\/v2\/tags?post=12956"}],"curies":[{"name":"wp","href":"https:\/\/api.w.org\/{rel}","templated":true}]}}