{"id":12952,"date":"2022-08-09T17:31:31","date_gmt":"2022-08-09T20:31:31","guid":{"rendered":"https:\/\/hostnetart.com.br\/baixada\/movimentos-populares-voltam-as-ruas-nesta-quinta-em-defesa-da-democracia-e-por-direitos\/"},"modified":"2022-08-09T17:31:31","modified_gmt":"2022-08-09T20:31:31","slug":"movimentos-populares-voltam-as-ruas-nesta-quinta-em-defesa-da-democracia-e-por-direitos","status":"publish","type":"post","link":"https:\/\/hostnetart.com.br\/baixada\/movimentos-populares-voltam-as-ruas-nesta-quinta-em-defesa-da-democracia-e-por-direitos\/","title":{"rendered":"Movimentos populares voltam \u00e0s ruas nesta quinta em defesa da democracia e por direitos"},"content":{"rendered":"<p>Nesta quinta-feira (11), as ruas de ao menos 19 capitais ser\u00e3o palco de manifesta\u00e7\u00f5es pela democracia, em defesa de elei\u00e7\u00f5es livres e contra a viol\u00eancia pol\u00edtica. Inicialmente convocados pelos movimentos populares, sociais e sindicais organizados na campanha &#8220;Fora, Bolsonaro&#8221;\u00a0para o dia 6, os atos foram adiados para acontecerem na mesma data da leitura da &#8220;Carta \u00e0s brasileiras e aos brasileiros em defesa do Estado democr\u00e1tico de Direito&#8221;, que j\u00e1\u00a0<a href=\"https:\/\/www.brasildefato.com.br\/2022\/08\/08\/lula-e-janja-assinam-carta-aos-brasileiros-pela-democracia-mais-de-800-mil-ja-assinaram\" target=\"_blank\" rel=\"noopener noreferrer\">recebeu mais de 800 mil assinaturas at\u00e9 aqui<\/a>.<\/p>\n<p lang=\"PT-BR\" xml:lang=\"PT-BR\">&#8220;A campanha vem realizando,\u00a0desde que Bolsonaro assumiu, atos em defesa da democracia, para pressionar pela quest\u00e3o da vacina\u00e7\u00e3o, denunciando a fome, o desemprego. E agora, voltamos \u00e0s ruas contra a escalada do autoritarismo, da amea\u00e7a de n\u00e3o respeitar as elei\u00e7\u00f5es, ou seja, n\u00e3o respeitar a soberania popular do voto, anunciando ao mundo naquela reuni\u00e3o com os embaixadores que a urna eletr\u00f4nica n\u00e3o \u00e9 segura&#8221;, afirma Raimundo Bonfim, coordenador da Central de Movimentos Populares (CMP) e um dos organizadores da campanha, que inclui as Frentes Brasil Popular e Povo Sem Medo, al\u00e9m de dezenas de entidades.<\/p>\n<p lang=\"PT-BR\" xml:lang=\"PT-BR\">A organiza\u00e7\u00e3o da\u00a0campanha j\u00e1 tem 22 atos confirmados em 19 estados,\u00a0n\u00famero que deve crescer at\u00e9 a quinta-feira.\u00a0Em S\u00e3o Paulo, a manifesta\u00e7\u00e3o p\u00fablica\u00a0acontece a partir das 17h, no v\u00e3o livre do Masp, na Avenida Paulista. No Rio de Janeiro, o ato acontece na Candel\u00e1ria, regi\u00e3o central da cidade, a partir das 16h.<\/p>\n<p lang=\"PT-BR\" xml:lang=\"PT-BR\">Tamb\u00e9m est\u00e1 previsto ato em Bras\u00edlia, em frete ao Congresso Nacional, a partir das 15h. Em Salvador, ser\u00e1 realizada uma passeata saindo da pra\u00e7a\u00a0do\u00a0Campo Grande \u00e0s 9h.<\/p>\n<p class=\"ckeditor-subtitle\" lang=\"PT-BR\" xml:lang=\"PT-BR\">A\u00e7\u00f5es simult\u00e2neas<\/p>\n<p lang=\"PT-BR\" xml:lang=\"PT-BR\">A data marca o lan\u00e7amento oficial do manifesto elaborada por ex-alunos e professores da Faculdade de Direito da USP, que acontecer\u00e1 \u00e0s 11h30, no Sal\u00e3o Nobre da Faculdade de Direito do Largo de S\u00e3o Francisco, em S\u00e3o Paulo.<\/p>\n<p lang=\"PT-BR\" xml:lang=\"PT-BR\"><a href=\"https:\/\/www.estadodedireitosempre.com\/\" target=\"_blank\" rel=\"noopener noreferrer\">Clique aqui para ler na \u00edntegra e assinar o documento<\/a>.<\/p>\n<p lang=\"PT-BR\" xml:lang=\"PT-BR\">Mais cedo, \u00e0s 9h30, ser\u00e1 feita a leitura do manifesto Em Defesa da Democracia e da Justi\u00e7a, de iniciativa da Fiesp e subscrito por 107 entidades de diversos setores, como a Febraban e organiza\u00e7\u00f5es ligadas ao agroneg\u00f3cio. O documento j\u00e1 foi publicado em alguns dos maiores jornais do Brasil na semana passada.<\/p>\n<p lang=\"PT-BR\" xml:lang=\"PT-BR\">A diversidade de setores mostra um amplo arco de for\u00e7as na defesa da democracia, o que \u00e9 comemorado por\u00a0Raimundo. &#8220;Isso \u00e9 importante, n\u00f3s saudamos essa iniciativa puxada\u00a0pela Faculdade de Direito da USP e por setores empresariais, mas n\u00f3s achamos que o elemento rua \u00e9 fundamental nessa luta em defesa da democracia para o povo brasileiro&#8221;, afirma, ressaltando as diferen\u00e7as entre os grupos.<\/p>\n<p lang=\"PT-BR\" xml:lang=\"PT-BR\">&#8220;N\u00f3s defendemos a democracia, mas defendemos a democracia com direitos. Com pol\u00edticas p\u00fablicas. N\u00e3o existe democracia com racismo, com desemprego, com fome, com mis\u00e9ria. Estaremos nas ruas fazendo a defesa da democracia, da soberania popular do voto, mas tamb\u00e9m levando a nossa pauta de den\u00fancia, do desemprego, das m\u00e1s condi\u00e7\u00f5es de vida do povo brasileiro&#8221;, conclui.<\/p>\n<p class=\"ckeditor-subtitle\" lang=\"PT-BR\" xml:lang=\"PT-BR\">Veja abaixo a lista de atos confirmados at\u00e9 aqui:<\/p>\n<p lang=\"PT-BR\" xml:lang=\"PT-BR\"><strong>AL:<\/strong>\u00a0<\/p>\n<p lang=\"PT-BR\" xml:lang=\"PT-BR\">Macei\u00f3: Pra\u00e7a Centen\u00e1rio, 8h\u00a0<\/p>\n<p lang=\"PT-BR\" xml:lang=\"PT-BR\"><strong>AM:<\/strong>\u00a0\u00a0<\/p>\n<p lang=\"PT-BR\" xml:lang=\"PT-BR\">Manaus: Pra\u00e7a da Saudade, 15h\u00a0<\/p>\n<p lang=\"PT-BR\" xml:lang=\"PT-BR\"><strong>BA:\u00a0<\/strong><\/p>\n<p lang=\"PT-BR\" xml:lang=\"PT-BR\">Salvador: Pra\u00e7a do Campo Grande, 9h\u00a0<\/p>\n<p lang=\"PT-BR\" xml:lang=\"PT-BR\"><strong>CE:\u00a0<\/strong><\/p>\n<p lang=\"PT-BR\" xml:lang=\"PT-BR\">Fortaleza: Pra\u00e7a da Bandeira, 9h\u00a0<\/p>\n<p lang=\"PT-BR\" xml:lang=\"PT-BR\"><strong>DF:\u00a0<\/strong><\/p>\n<p lang=\"PT-BR\" xml:lang=\"PT-BR\">Bras\u00edlia: Congresso Nacional, 15h\u00a0<\/p>\n<p lang=\"PT-BR\" xml:lang=\"PT-BR\"><strong>ES:\u00a0<\/strong><\/p>\n<p lang=\"PT-BR\" xml:lang=\"PT-BR\">Vit\u00f3ria: Pra\u00e7a Costa Pereira, 10h\u00a0<\/p>\n<p lang=\"PT-BR\" xml:lang=\"PT-BR\"><strong>GO: \u00a0<\/strong><\/p>\n<p lang=\"PT-BR\" xml:lang=\"PT-BR\">Goi\u00e2nia: Pra\u00e7a Universit\u00e1ria, 17h\u00a0<\/p>\n<p lang=\"PT-BR\" xml:lang=\"PT-BR\"><strong>MA:\u00a0<\/strong><\/p>\n<p lang=\"PT-BR\" xml:lang=\"PT-BR\">S\u00e3o Lu\u00eds: Pra\u00e7a Deodoro, 16h\u00a0<\/p>\n<p lang=\"PT-BR\" xml:lang=\"PT-BR\"><strong>MG:\u00a0<\/strong><\/p>\n<p lang=\"PT-BR\" xml:lang=\"PT-BR\">Belo Horizonte, Pra\u00e7a Afonso Arinos, 17h\u00a0<\/p>\n<p lang=\"PT-BR\" xml:lang=\"PT-BR\"><strong>MS:<\/strong><\/p>\n<p lang=\"PT-BR\" xml:lang=\"PT-BR\">Campo Grande: C\u00e2mara Municipal, 10h.\u00a0<\/p>\n<p lang=\"PT-BR\" xml:lang=\"PT-BR\"><strong>PB:<\/strong><\/p>\n<p lang=\"PT-BR\" xml:lang=\"PT-BR\">Jo\u00e3o Pessoa: Lyceu Paraibano, 14h\u00a0<\/p>\n<p lang=\"PT-BR\" xml:lang=\"PT-BR\"><strong>PE:<\/strong>\u00a0<\/p>\n<p lang=\"PT-BR\" xml:lang=\"PT-BR\">Recife: Rua da Aurora, 15h\u00a0<\/p>\n<p lang=\"PT-BR\" xml:lang=\"PT-BR\"><strong>PI:<\/strong><\/p>\n<p lang=\"PT-BR\" xml:lang=\"PT-BR\">Teresina: Pra\u00e7a Rio Branco, 8h30\u00a0<\/p>\n<p lang=\"PT-BR\" xml:lang=\"PT-BR\"><strong>PR:<\/strong>\u00a0<\/p>\n<p lang=\"PT-BR\" xml:lang=\"PT-BR\">Curitiba: Pra\u00e7a Santos Andrade, 18h30\u00a0<\/p>\n<p lang=\"PT-BR\" xml:lang=\"PT-BR\"><strong>\u00a0RJ:<\/strong>\u00a0<\/p>\n<p lang=\"PT-BR\" xml:lang=\"PT-BR\">Rio de Janeiro: Candel\u00e1ria, 16h\u00a0<\/p>\n<p lang=\"PT-BR\" xml:lang=\"PT-BR\"><strong>RN:<\/strong><\/p>\n<p lang=\"PT-BR\" xml:lang=\"PT-BR\">Natal: Midway, 14h30\u00a0<\/p>\n<p lang=\"PT-BR\" xml:lang=\"PT-BR\"><strong>SC:<\/strong>\u00a0\u00a0<\/p>\n<p lang=\"PT-BR\" xml:lang=\"PT-BR\">Florian\u00f3polis: Pra\u00e7a da Alf\u00e2ndega, 17h\u00a0<\/p>\n<p lang=\"PT-BR\" xml:lang=\"PT-BR\"><strong>SE:<\/strong>\u00a0\u00a0<\/p>\n<p lang=\"PT-BR\" xml:lang=\"PT-BR\">Aracaju: Pra\u00e7a Get\u00falio Vargas. Bairro S\u00e3o Jos\u00e9, 15h.\u00a0<\/p>\n<p lang=\"PT-BR\" xml:lang=\"PT-BR\"><strong>SP:<\/strong>\u00a0<\/p>\n<p lang=\"PT-BR\" xml:lang=\"PT-BR\">Santos: Pra\u00e7a dos Andradas, 10h\u00a0<\/p>\n<p lang=\"PT-BR\" xml:lang=\"PT-BR\">S\u00e3o Paulo: MASP, 17h\u00a0<\/p>\n<p lang=\"PT-BR\" xml:lang=\"PT-BR\">Ribeir\u00e3o Preto: Esplanada do Teatro Pedro II, 17h<\/p>\n<p lang=\"PT-BR\" xml:lang=\"PT-BR\"><strong>Fonte: Brasil de Fato<\/strong><\/p>\n","protected":false},"excerpt":{"rendered":"<p>Nesta quinta-feira (11), as ruas de ao menos 19 capitais ser\u00e3o palco de manifesta\u00e7\u00f5es pela democracia, em defesa de elei\u00e7\u00f5es livres e contra a viol\u00eancia pol\u00edtica. Inicialmente convocados pelos movimentos populares, sociais e sindicais organizados na campanha &#8220;Fora, Bolsonaro&#8221;\u00a0para o dia 6, os atos foram adiados para acontecerem na mesma data da leitura da &#8220;Carta [&hellip;]<\/p>\n","protected":false},"author":2,"featured_media":12951,"comment_status":"","ping_status":"","sticky":false,"template":"","format":"standard","meta":{"footnotes":""},"categories":[3],"tags":[],"class_list":["post-12952","post","type-post","status-publish","format-standard","has-post-thumbnail","hentry","category-noticias"],"_links":{"self":[{"href":"https:\/\/hostnetart.com.br\/baixada\/wp-json\/wp\/v2\/posts\/12952","targetHints":{"allow":["GET"]}}],"collection":[{"href":"https:\/\/hostnetart.com.br\/baixada\/wp-json\/wp\/v2\/posts"}],"about":[{"href":"https:\/\/hostnetart.com.br\/baixada\/wp-json\/wp\/v2\/types\/post"}],"author":[{"embeddable":true,"href":"https:\/\/hostnetart.com.br\/baixada\/wp-json\/wp\/v2\/users\/2"}],"replies":[{"embeddable":true,"href":"https:\/\/hostnetart.com.br\/baixada\/wp-json\/wp\/v2\/comments?post=12952"}],"version-history":[{"count":0,"href":"https:\/\/hostnetart.com.br\/baixada\/wp-json\/wp\/v2\/posts\/12952\/revisions"}],"wp:featuredmedia":[{"embeddable":true,"href":"https:\/\/hostnetart.com.br\/baixada\/wp-json\/wp\/v2\/media\/12951"}],"wp:attachment":[{"href":"https:\/\/hostnetart.com.br\/baixada\/wp-json\/wp\/v2\/media?parent=12952"}],"wp:term":[{"taxonomy":"category","embeddable":true,"href":"https:\/\/hostnetart.com.br\/baixada\/wp-json\/wp\/v2\/categories?post=12952"},{"taxonomy":"post_tag","embeddable":true,"href":"https:\/\/hostnetart.com.br\/baixada\/wp-json\/wp\/v2\/tags?post=12952"}],"curies":[{"name":"wp","href":"https:\/\/api.w.org\/{rel}","templated":true}]}}