{"id":12948,"date":"2022-08-09T14:08:59","date_gmt":"2022-08-09T17:08:59","guid":{"rendered":"https:\/\/hostnetart.com.br\/baixada\/itau-lucra-15-bilhoes-nos-primeiros-seis-meses-do-ano\/"},"modified":"2022-08-09T14:08:59","modified_gmt":"2022-08-09T17:08:59","slug":"itau-lucra-15-bilhoes-nos-primeiros-seis-meses-do-ano","status":"publish","type":"post","link":"https:\/\/hostnetart.com.br\/baixada\/itau-lucra-15-bilhoes-nos-primeiros-seis-meses-do-ano\/","title":{"rendered":"Ita\u00fa lucra 15 bilh\u00f5es nos primeiros seis meses do ano"},"content":{"rendered":"<p>O Ita\u00fa Unibanco obteve lucro l\u00edquido recorrente gerencial \u2013 que exclui efeitos extraordin\u00e1rios \u2013 de R$ 15,039 bilh\u00f5es, no primeiro semestre de 2022. O valor representa uma alta de 16,2% em rela\u00e7\u00e3o ao mesmo per\u00edodo de 2021 e de 4,3% em rela\u00e7\u00e3o ao trimestre anterior. S\u00f3 no segundo trimestre deste ano, o resultado recorrente foi de R$ 7,679 bilh\u00f5es. No Brasil, o retorno recorrente consolidado sobre o Patrim\u00f4nio L\u00edquido m\u00e9dio anualizado (ROE) do banco foi de 21,2% no per\u00edodo, com alta de 2 pontos percentuais (p.p.) em doze meses.<\/p>\n<p>De acordo com o relat\u00f3rio do banco, o resultado do semestre se deve ao crescimento da carteira de cr\u00e9dito e \u00e0 mudan\u00e7a do \u201cmix\u201d da carteira no segmento do varejo, que levaram ao crescimento de 27,5% na margem financeira com clientes. O banco tamb\u00e9m considera que o aumento da taxa de juros Selic trouxe impacto positivo na remunera\u00e7\u00e3o do capital de giro pr\u00f3prio e na margem de passivos.<\/p>\n<p>\u201cMesmo com esses resultados impressionantes, o banco insiste em fechar postos e locais de trabalho\u201d, afirmou Jair Alves, coordenador da Comiss\u00e3o de Organiza\u00e7\u00e3o dos Empregados (COE) do Ita\u00fa, ao se referir aos 557 postos de trabalho fechados no segundo trimestre do ano. Nos \u00faltimos doze meses houve abertura de 2.092 postos de trabalho na holding, que ao final de junho de 2022, contava com 87.703 empregados. \u201cO pr\u00f3prio relat\u00f3rio do banco mostra que esse saldo se deve \u00e0 amplia\u00e7\u00e3o no n\u00famero de assessores de investimentos e \u00e0s contrata\u00e7\u00f5es para a \u00e1rea de TI, visando acelerar o processo de transforma\u00e7\u00e3o digital do banco. Ou seja, muitas ag\u00eancias foram fechadas e muito profissionais que trabalhavam nela foram demitidos\u201d, lamentou o coordenador da COE do Ita\u00fa. Em doze meses, foram fechadas 250 ag\u00eancias f\u00edsicas no Brasil e abertas 152 ag\u00eancias digitais, totalizando 2.791 ag\u00eancias f\u00edsicas e 349 ag\u00eancias digitais ao final de junho de 2022.<\/p>\n<p><a href=\"https:\/\/contrafcut.com.br\/wp-content\/uploads\/2022\/08\/destaques-do-banco-itau-1sem2022-2.pdf\">Veja aqui<\/a>\u00a0os destaques completos do balan\u00e7o feitos pela equipe da Subse\u00e7\u00e3o do Departamento Intersindical de Estat\u00edstica e Estudos Socioecon\u00f4micos (Dieese) na Confedera\u00e7\u00e3o Nacional dos Trabalhadores do Ramo Financeiro (Contraf-CUT).<\/p>\n<p><strong>Fonte: Contraf-CUT<\/strong><\/p>\n","protected":false},"excerpt":{"rendered":"<p>O Ita\u00fa Unibanco obteve lucro l\u00edquido recorrente gerencial \u2013 que exclui efeitos extraordin\u00e1rios \u2013 de R$ 15,039 bilh\u00f5es, no primeiro semestre de 2022. O valor representa uma alta de 16,2% em rela\u00e7\u00e3o ao mesmo per\u00edodo de 2021 e de 4,3% em rela\u00e7\u00e3o ao trimestre anterior. S\u00f3 no segundo trimestre deste ano, o resultado recorrente foi [&hellip;]<\/p>\n","protected":false},"author":2,"featured_media":12947,"comment_status":"","ping_status":"","sticky":false,"template":"","format":"standard","meta":{"footnotes":""},"categories":[3],"tags":[],"class_list":["post-12948","post","type-post","status-publish","format-standard","has-post-thumbnail","hentry","category-noticias"],"_links":{"self":[{"href":"https:\/\/hostnetart.com.br\/baixada\/wp-json\/wp\/v2\/posts\/12948","targetHints":{"allow":["GET"]}}],"collection":[{"href":"https:\/\/hostnetart.com.br\/baixada\/wp-json\/wp\/v2\/posts"}],"about":[{"href":"https:\/\/hostnetart.com.br\/baixada\/wp-json\/wp\/v2\/types\/post"}],"author":[{"embeddable":true,"href":"https:\/\/hostnetart.com.br\/baixada\/wp-json\/wp\/v2\/users\/2"}],"replies":[{"embeddable":true,"href":"https:\/\/hostnetart.com.br\/baixada\/wp-json\/wp\/v2\/comments?post=12948"}],"version-history":[{"count":0,"href":"https:\/\/hostnetart.com.br\/baixada\/wp-json\/wp\/v2\/posts\/12948\/revisions"}],"wp:featuredmedia":[{"embeddable":true,"href":"https:\/\/hostnetart.com.br\/baixada\/wp-json\/wp\/v2\/media\/12947"}],"wp:attachment":[{"href":"https:\/\/hostnetart.com.br\/baixada\/wp-json\/wp\/v2\/media?parent=12948"}],"wp:term":[{"taxonomy":"category","embeddable":true,"href":"https:\/\/hostnetart.com.br\/baixada\/wp-json\/wp\/v2\/categories?post=12948"},{"taxonomy":"post_tag","embeddable":true,"href":"https:\/\/hostnetart.com.br\/baixada\/wp-json\/wp\/v2\/tags?post=12948"}],"curies":[{"name":"wp","href":"https:\/\/api.w.org\/{rel}","templated":true}]}}