{"id":12938,"date":"2022-08-05T19:25:34","date_gmt":"2022-08-05T22:25:34","guid":{"rendered":"https:\/\/hostnetart.com.br\/baixada\/atos-no-legislativo-retiram-direitos-trabalhistas\/"},"modified":"2022-08-05T19:25:34","modified_gmt":"2022-08-05T22:25:34","slug":"atos-no-legislativo-retiram-direitos-trabalhistas","status":"publish","type":"post","link":"https:\/\/hostnetart.com.br\/baixada\/atos-no-legislativo-retiram-direitos-trabalhistas\/","title":{"rendered":"Atos no Legislativo retiram direitos trabalhistas"},"content":{"rendered":"<p>O governo conseguiu passar no Congresso Nacional, a toque de caixa, duas mat\u00e9rias que atacam diretamente os direitos da classe trabalhadora. As Medidas Provis\u00f3rias (MP) 1108\/22 e 1109\/22 tiveram sua aprova\u00e7\u00e3o em plen\u00e1rio na C\u00e2mara dos Deputados na ter\u00e7a-feira (2) e no Senado Federal na quarta-feira (3). Parlamentes da oposi\u00e7\u00e3o e dirigentes sindicais afirmam que a tramita\u00e7\u00e3o foi feita sem o devido debate dentro do Senado, desconsiderando o papel regimental de uma casa debater e revisar o que a outra aprova.<\/p>\n<p>A primeira, a \u00a0<a href=\"https:\/\/www.camara.leg.br\/noticias\/900942-camara-aprova-mp-com-regras-trabalhistas-para-estado-de-calamidade-publica-acompanhe\/\" target=\"_blank\" rel=\"noopener noreferrer\">MP n\u00ba 1109\/22<\/a>, institui rela\u00e7\u00f5es trabalhistas alternativas durante estados de calamidade p\u00fablica em \u00e2mbito nacional, estadual ou municipal, reconhecidos pelo governo central.<\/p>\n<p>Com isso, mesmo em casos de cat\u00e1strofes ambientais, como chuvas, as regras trabalhistas podem mudar e o trabalhador ser penalizado. Entre as medidas previstas est\u00e3o teletrabalho; antecipa\u00e7\u00e3o de f\u00e9rias; f\u00e9rias coletivas; aproveitamento e antecipa\u00e7\u00e3o de feriados; banco de horas; e suspens\u00e3o do recolhimento do Fundo de Garantia do Tempo de Servi\u00e7o (FGTS), que ser\u00e1 retomado ap\u00f3s o fim da medida alternativa, em seis parcelas, sem juros e multas.<\/p>\n<p>A medida tamb\u00e9m permite a suspens\u00e3o tempor\u00e1ria de contratos de trabalho, com compensa\u00e7\u00e3o do pagamento do Benef\u00edcio Emergencial (BEm) mensalmente aos atingidos. O valor do BEm \u00e9 calculado pelo valor dos \u00faltimos tr\u00eas sal\u00e1rios, correspondendo ao seguro-desemprego em caso de demiss\u00e3o.<\/p>\n<p>Em caso da redu\u00e7\u00e3o de 25% de jornada e sal\u00e1rios, o trabalhador recebe 75% do sal\u00e1rio e 25% da parcela do BEm; na redu\u00e7\u00e3o de 50% da jornada, recebe 50% do sal\u00e1rio e 50% da parcela do BEm; e na redu\u00e7\u00e3o de 70%, recebe 30% do sal\u00e1rio e 70% do benef\u00edcio. O per\u00edodo m\u00e1ximo previsto para a redu\u00e7\u00e3o da jornada e a suspens\u00e3o dos contratos de trabalho \u00e9 de 90 dias, mas pode ser prorrogado enquanto durar a calamidade.<\/p>\n<p>Para o secret\u00e1rio de Rela\u00e7\u00f5es do Trabalho da Confedera\u00e7\u00e3o Nacional dos Trabalhadores do Ramo Financeiro (Contraf-CUT), Jeferson Meira, o Jef\u00e3o, \u201co executivo mais uma vez interfere de forma negativa e prejudicial nos direitos da classe trabalhadora, com medidas provis\u00f3rias. E \u00e9 vergonhoso que parlamentares, que deveriam legislar em benef\u00edcio do povo, chancelem e ainda piorem os arroubos desse desgoverno, sem nenhum compromisso com o pa\u00eds\u201d.<\/p>\n<h3><strong>Oposi\u00e7\u00e3o critica conte\u00fado e tramita\u00e7\u00e3o<\/strong><\/h3>\n<p>No Senado, a oposi\u00e7\u00e3o reagiu contra o ritmo acelerado com que a PLV foi aprovada e classificou suas mudan\u00e7as como \u201creforma trabalhista\u201d e \u201ccheque em branco\u201d em preju\u00edzo do trabalhador. Esses senadores entendem que o tema deveria ter uma discuss\u00e3o maior no parlamento e na sociedade.<\/p>\n<p>\u201cJ\u00e1 vou para 40 anos de mandato e nunca vi algo semelhante. Essa medida provis\u00f3ria n\u00e3o passou nem em debate na comiss\u00e3o mista, n\u00e3o teve uma audi\u00eancia p\u00fablica, n\u00e3o se ouviu a sociedade, n\u00e3o se ouviu o empres\u00e1rio, n\u00e3o se ouviu o trabalhador, n\u00e3o se ouviu o movimento sindical\u201d, disse o senador Paulo Paim (PT-RS).<\/p>\n<p>O l\u00edder da minoria, senador Jean Paul Prates (PT-RN), defendeu a rejei\u00e7\u00e3o do projeto, \u201cpor n\u00e3o haver absolutamente nenhuma emerg\u00eancia neste momento para se discutir isso, pela falta de condi\u00e7\u00f5es de debates adequados, participativos, representativos de todos os envolvidos, pelo fato de terem sido rejeitadas todas as emendas, mostrando que n\u00e3o houve debate, ou abertura para aprimoramentos e por representar uma precariza\u00e7\u00e3o unilateral das rela\u00e7\u00f5es de trabalho\u201d.<\/p>\n<p>A senadora Zenaide Maia (Pros-RN), denunciou que a medida vai atingir os trabalhadores quando eles estiverem mais fragilizados. \u201cS\u00e3o eles que perdem as suas casas e os seus familiares soterrados, no caso de enchentes. Quer dizer que, al\u00e9m de estar no meio de uma calamidade, eles ainda v\u00e3o ter que abrir m\u00e3o do seu trabalho? Por favor, gente! Isso \u00e9 muito cruel\u201d, disse.<\/p>\n<h3><strong>Teletrabalho e aux\u00edlio alimenta\u00e7\u00e3o<\/strong><\/h3>\n<p>No mesmo per\u00edodo, o\u00a0<a href=\"https:\/\/www12.senado.leg.br\/noticias\/materias\/2022\/08\/03\/aprovada-mp-que-regulamenta-teletrabalho-e-muda-auxilio-alimentacao\" target=\"_blank\" rel=\"noopener noreferrer\">Senado Federal aprovou o Projeto de Lei de Convers\u00e3o (PLV) 21\/22<\/a>, resultante da outra MP, a 1108\/22, que regulamenta o teletrabalho e altera regras do aux\u00edlio alimenta\u00e7\u00e3o, que inclui os vales refei\u00e7\u00e3o e alimenta\u00e7\u00e3o.<\/p>\n<p>A medida determina que o aux\u00edlio alimenta\u00e7\u00e3o seja destinado somente a refei\u00e7\u00f5es em restaurantes ou na compra de g\u00eaneros aliment\u00edcios. As empresas tamb\u00e9m ficam proibidas de obter descontos no fornecimento dos t\u00edquetes de alimenta\u00e7\u00e3o, pois esse abatimento acaba por ser repassado ao trabalhador.<\/p>\n<p>O teletrabalho \u2013 ou trabalho remoto \u2013 foi definido como presta\u00e7\u00e3o do servi\u00e7o fora das depend\u00eancias da empresa, que n\u00e3o pode ser caracterizado como atividades externa, pela sua natureza. Essa modalidade dever\u00e1 ser expressa no contrato individual de trabalho.<\/p>\n<p>Confira as novas regras da medida inclu\u00eddas na Consolida\u00e7\u00e3o das Leis do Trabalho (CLT):<\/p>\n<ul>\n<li>Empregadores s\u00e3o dispensados de controlar as horas trabalhadas em contrata\u00e7\u00e3o por produ\u00e7\u00e3o ou tarefa;<\/li>\n<li>A presen\u00e7a do trabalhador no trabalho para tarefas espec\u00edficas, mesmo que habitual, n\u00e3o descaracteriza o trabalho remoto;<\/li>\n<li>O contrato poder\u00e1 dispor sobre os hor\u00e1rios e meios de comunica\u00e7\u00e3o entre empregado e empregador, desde que assegurados os repousos legais;<\/li>\n<li>O uso de infraestrutura e ferramentas digitais fora da jornada n\u00e3o constitui tempo \u00e0 disposi\u00e7\u00e3o, regime de prontid\u00e3o ou de sobreaviso, exceto se houver acordo;<\/li>\n<li>O teletrabalho tamb\u00e9m poder\u00e1 ser aplicado a aprendizes e estagi\u00e1rios;<\/li>\n<li>O trabalho remoto n\u00e3o se confunde e nem se equipara \u00e0 ocupa\u00e7\u00e3o de operador de telemarketing ou de teleatendimento;<\/li>\n<li>O empregador n\u00e3o ser\u00e1 respons\u00e1vel pelas despesas ao retorno presencial do empregado que mora fora da sede, salvo acordo;<\/li>\n<li>Ter\u00e3o prioridade no teletrabalho os empregados com defici\u00eancia e com filho ou crian\u00e7a de at\u00e9 quatro anos de idade sob guarda judicial.<\/li>\n<\/ul>\n<p>Jef\u00e3o, que \u00e9 o respons\u00e1vel na Contraf-CUT pelo acompanhamento dos temas de interesse dos trabalhadores em tramita\u00e7\u00e3o no Congresso Nacional, denuncia que \u201cna verdade o governo aproveita o cen\u00e1rio legislativo favor\u00e1vel aos interesses apenas do mercado e seus aliados empres\u00e1rios e continua produzindo minirreformas trabalhistas, retirando o que restou dos direitos e promovendo mais mis\u00e9ria e desalento \u00e0 popula\u00e7\u00e3o. Por isso, \u00e9 importante que os trabalhadores e trabalhadoras se atentem e votem em quem realmente os representar\u00e3o no parlamento brasileiro.\u201d<\/p>\n<p>As duas mat\u00e9rias, originadas pelas MPs 1108 e 1109, seguem agora \u00e0 san\u00e7\u00e3o presidencial, \u00faltimo passo para que sejam publicadas e se tornem lei.<\/p>\n<p><strong>Fonte: Contraf-CUT<\/strong><\/p>\n","protected":false},"excerpt":{"rendered":"<p>O governo conseguiu passar no Congresso Nacional, a toque de caixa, duas mat\u00e9rias que atacam diretamente os direitos da classe trabalhadora. As Medidas Provis\u00f3rias (MP) 1108\/22 e 1109\/22 tiveram sua aprova\u00e7\u00e3o em plen\u00e1rio na C\u00e2mara dos Deputados na ter\u00e7a-feira (2) e no Senado Federal na quarta-feira (3). Parlamentes da oposi\u00e7\u00e3o e dirigentes sindicais afirmam que [&hellip;]<\/p>\n","protected":false},"author":2,"featured_media":12937,"comment_status":"","ping_status":"","sticky":false,"template":"","format":"standard","meta":{"footnotes":""},"categories":[3],"tags":[],"class_list":["post-12938","post","type-post","status-publish","format-standard","has-post-thumbnail","hentry","category-noticias"],"_links":{"self":[{"href":"https:\/\/hostnetart.com.br\/baixada\/wp-json\/wp\/v2\/posts\/12938","targetHints":{"allow":["GET"]}}],"collection":[{"href":"https:\/\/hostnetart.com.br\/baixada\/wp-json\/wp\/v2\/posts"}],"about":[{"href":"https:\/\/hostnetart.com.br\/baixada\/wp-json\/wp\/v2\/types\/post"}],"author":[{"embeddable":true,"href":"https:\/\/hostnetart.com.br\/baixada\/wp-json\/wp\/v2\/users\/2"}],"replies":[{"embeddable":true,"href":"https:\/\/hostnetart.com.br\/baixada\/wp-json\/wp\/v2\/comments?post=12938"}],"version-history":[{"count":0,"href":"https:\/\/hostnetart.com.br\/baixada\/wp-json\/wp\/v2\/posts\/12938\/revisions"}],"wp:featuredmedia":[{"embeddable":true,"href":"https:\/\/hostnetart.com.br\/baixada\/wp-json\/wp\/v2\/media\/12937"}],"wp:attachment":[{"href":"https:\/\/hostnetart.com.br\/baixada\/wp-json\/wp\/v2\/media?parent=12938"}],"wp:term":[{"taxonomy":"category","embeddable":true,"href":"https:\/\/hostnetart.com.br\/baixada\/wp-json\/wp\/v2\/categories?post=12938"},{"taxonomy":"post_tag","embeddable":true,"href":"https:\/\/hostnetart.com.br\/baixada\/wp-json\/wp\/v2\/tags?post=12938"}],"curies":[{"name":"wp","href":"https:\/\/api.w.org\/{rel}","templated":true}]}}