{"id":12934,"date":"2022-08-04T20:37:21","date_gmt":"2022-08-04T23:37:21","guid":{"rendered":"https:\/\/hostnetart.com.br\/baixada\/discurso-da-nova-gestao-da-caixa-nao-bate-com-a-pratica\/"},"modified":"2022-08-04T20:37:21","modified_gmt":"2022-08-04T23:37:21","slug":"discurso-da-nova-gestao-da-caixa-nao-bate-com-a-pratica","status":"publish","type":"post","link":"https:\/\/hostnetart.com.br\/baixada\/discurso-da-nova-gestao-da-caixa-nao-bate-com-a-pratica\/","title":{"rendered":"Discurso da nova gest\u00e3o da Caixa n\u00e3o bate com a pr\u00e1tica"},"content":{"rendered":"<p>As empregadas e empregados da Caixa Econ\u00f4mica Federal continuam denunciando ass\u00e9dio, mesmo ap\u00f3s a mudan\u00e7a na gest\u00e3o do banco. \u201cA Daniella Marques chegou com um discurso de humanidade e acolhimento, mas o que nos parece \u00e9 que \u00e9 tudo da \u2018boca pra fora\u2019. Na pr\u00e1tica, ela est\u00e1 implementando a pol\u00edtica do seu chefe, Paulo Guedes, de desrespeito \u00e0s empregadas e aos empregados e seus limites, com duplica\u00e7\u00e3o de meta de vendas de produtos sem que tenha havido qualquer mudan\u00e7a conjuntural que justifique tal medida\u201d, disse o dirigente da Confedera\u00e7\u00e3o Nacional dos Trabalhadores do Ramo Financeiro (Contraf-CUT), Rafael de Castro, que \u00e9 empregado da Caixa.<\/p>\n<p>Depois de promover lives nacionais e regionais para\u00a0<a href=\"https:\/\/contrafcut.com.br\/noticias\/caixa-da-uma-no-cravo-outra-na-ferradura\" target=\"_blank\" rel=\"noopener noreferrer\">orientar a venda casada<\/a>\u00a0de seguros, cart\u00f5es de cr\u00e9dito e outros produtos banc\u00e1rios, para clientes que contratarem financiamentos habitacionais e empresas que utilizarem recursos do Programa Nacional de Apoio \u00e0s Microempresas e Empresas de Pequeno Porte (Pronampe), agora o banco iniciou uma a\u00e7\u00e3o voltada \u00e0s mulheres, o \u201cCaixa pra Elas\u201d.<\/p>\n<p>Segundo o banco, o \u201cprograma Caixa pra Elas \u00e9 uma iniciativa para auxiliar as mulheres do Brasil, em especial as de baixa renda, a se tornarem protagonistas de suas realiza\u00e7\u00f5es, com oferta de pacote de valor especial, promo\u00e7\u00e3o de educa\u00e7\u00e3o financeira e empreendedorismo e, ainda, prote\u00e7\u00e3o e apoio \u00e0 mulher em condi\u00e7\u00f5es de vulnerabilidade\u201d.<\/p>\n<h3><strong>Vender pra elas<\/strong><\/h3>\n<p>Para a diretora executiva da Contraf-CUT e empregada da Caixa, Eliana Brasil, sempre s\u00e3o bem vindos servi\u00e7os espec\u00edficos que visam reduzir o preconceito estrutural contra as mulheres na sociedade brasileira. \u201cMas, o que nos parece, \u00e9 que se trata mais de uma a\u00e7\u00e3o de marketing para amenizar os impactos sofridos com o esc\u00e2ndalo das den\u00fancias envolvendo o ex-presidente da Caixa (Pedro Guimar\u00e3es), do que algo que efetivamente possa reduzir os problemas enfrentados pelas mulheres brasileiras\u201d, disse. \u201cSe o banco quisesse verdadeiramente promover alguma mudan\u00e7a de gest\u00e3o e na sociedade, deveria dar celeridade \u00e0s\u00a0<a href=\"https:\/\/contrafcut.com.br\/noticias\/contraf-cut-exige-afastamento-de-pedro-guimaraes-acusado-de-assedio-sexual\" target=\"_blank\" rel=\"noopener noreferrer\">investiga\u00e7\u00f5es das den\u00fancias<\/a>\u00a0j\u00e1 feitas e \u00e0s que chegarem, sempre de forma transparente e objetiva. Isso sim inibiria o ass\u00e9dio e poderia ser tido como exemplo\u201d, completou.<\/p>\n<p>Para Rafael de Castro, trata-se de uma a\u00e7\u00e3o que utiliza a pauta das mulheres como estrat\u00e9gia de vendas. \u201cComo a pr\u00f3pria Daniella disse, \u00e9\u00a0<a href=\"https:\/\/epocanegocios.globo.com\/amp\/Empresa\/noticia\/2022\/07\/epoca-negocios-daniella-marques-crise-na-caixa-sera-transformada-em-oportunidade-para-mulheres.html\" target=\"_blank\" rel=\"noopener noreferrer\">a Caixa aproveitando a crise para oportunizar neg\u00f3cios<\/a>\u00a0ao inv\u00e9s de combater de frente o problema do ass\u00e9dio moral e sexual, que existe n\u00e3o apenas na Caixa, mas teve recentemente um enorme destaque negativo pra Caixa\u201d, disse. \u201cMas, mesmo tendo uma mulher \u00e0 frente de sua gest\u00e3o, o banco est\u00e1 se utilizando desse tema como um trampolim pra fazer neg\u00f3cios, com duplica\u00e7\u00e3o das metas sem que haja nada que justifique tal aumento e, consequentemente, criando oportunidades para o ass\u00e9dio contra as empregadas e empregados\u201d, completou.<\/p>\n<p>Segundo o dirigente da Contraf-CUT, simplesmente definiram o quanto queriam captar, quantos cart\u00f5es queriam, quantos seguros e demais servi\u00e7os queriam fazer e dobraram as metas. \u201c\u00c9 a velha pr\u00e1tica de quem muito entende de reuni\u00f5es virtuais, mas que pouco, ou nada, conhece o ch\u00e3o que pisa\u201d, criticou.<\/p>\n<h3><strong>Discrimina\u00e7\u00e3o pra elas<\/strong><\/h3>\n<p>Al\u00e9m de criar oportunidades para o ass\u00e9dio contra as empregadas e os empregados, o programa \u201cCaixa pra Elas\u201d faz distin\u00e7\u00e3o de tratamento entre as poss\u00edveis clientes. \u201cPercebe-se o car\u00e1ter discriminat\u00f3rio quando se diz que as mulheres de baixa renda ser\u00e3o direcionadas ao \u2018espa\u00e7o Caixa pra Elas\u2019, enquanto as \u2018encarteiradas\u2019 ser\u00e3o atendidas pelos gerentes\u201d, observou o dirigente da Contraf-CUT.<\/p>\n<p>Clientes \u201cencarteiradas\u201d s\u00e3o aquelas que trazem ou podem trazer rentabilidade para o banco. \u201cOu seja, se t\u00eam dinheiro, a Caixa n\u00e3o vai \u2018mistur\u00e1-las\u2019 com as demais. Ela n\u00e3o precisa estar no espa\u00e7o criado puramente para marketing\u201d, explicou Eliana Brasil.<\/p>\n<h3><strong>Antecipa\u00e7\u00e3o de dividendos<\/strong><\/h3>\n<p>Outra cr\u00edtica apontada pelo dirigente da Contraf-CUT \u00e9 com rela\u00e7\u00e3o ao interesse do governo na antecipa\u00e7\u00e3o dos dividendos pelas estatais. \u201cA Caixa, bem como as demais estatais, se prontificou a atender o pedido para que o governo consiga pagar o novo Aux\u00edlio Brasil de R$ 600, na esperan\u00e7a de que o atual mandat\u00e1rio aumente sua popularidade e se mantenha no p\u00e1reo pela disputa \u00e0 presid\u00eancia\u201d, observou.<\/p>\n<p><strong>Fonte: Contraf-CUT<\/strong><\/p>\n","protected":false},"excerpt":{"rendered":"<p>As empregadas e empregados da Caixa Econ\u00f4mica Federal continuam denunciando ass\u00e9dio, mesmo ap\u00f3s a mudan\u00e7a na gest\u00e3o do banco. \u201cA Daniella Marques chegou com um discurso de humanidade e acolhimento, mas o que nos parece \u00e9 que \u00e9 tudo da \u2018boca pra fora\u2019. Na pr\u00e1tica, ela est\u00e1 implementando a pol\u00edtica do seu chefe, Paulo Guedes, [&hellip;]<\/p>\n","protected":false},"author":2,"featured_media":12933,"comment_status":"","ping_status":"","sticky":false,"template":"","format":"standard","meta":{"footnotes":""},"categories":[3],"tags":[],"class_list":["post-12934","post","type-post","status-publish","format-standard","has-post-thumbnail","hentry","category-noticias"],"_links":{"self":[{"href":"https:\/\/hostnetart.com.br\/baixada\/wp-json\/wp\/v2\/posts\/12934","targetHints":{"allow":["GET"]}}],"collection":[{"href":"https:\/\/hostnetart.com.br\/baixada\/wp-json\/wp\/v2\/posts"}],"about":[{"href":"https:\/\/hostnetart.com.br\/baixada\/wp-json\/wp\/v2\/types\/post"}],"author":[{"embeddable":true,"href":"https:\/\/hostnetart.com.br\/baixada\/wp-json\/wp\/v2\/users\/2"}],"replies":[{"embeddable":true,"href":"https:\/\/hostnetart.com.br\/baixada\/wp-json\/wp\/v2\/comments?post=12934"}],"version-history":[{"count":0,"href":"https:\/\/hostnetart.com.br\/baixada\/wp-json\/wp\/v2\/posts\/12934\/revisions"}],"wp:featuredmedia":[{"embeddable":true,"href":"https:\/\/hostnetart.com.br\/baixada\/wp-json\/wp\/v2\/media\/12933"}],"wp:attachment":[{"href":"https:\/\/hostnetart.com.br\/baixada\/wp-json\/wp\/v2\/media?parent=12934"}],"wp:term":[{"taxonomy":"category","embeddable":true,"href":"https:\/\/hostnetart.com.br\/baixada\/wp-json\/wp\/v2\/categories?post=12934"},{"taxonomy":"post_tag","embeddable":true,"href":"https:\/\/hostnetart.com.br\/baixada\/wp-json\/wp\/v2\/tags?post=12934"}],"curies":[{"name":"wp","href":"https:\/\/api.w.org\/{rel}","templated":true}]}}