{"id":12932,"date":"2022-08-04T20:31:09","date_gmt":"2022-08-04T23:31:09","guid":{"rendered":"https:\/\/hostnetart.com.br\/baixada\/inscricoes-abertas-para-curso-transformacoes-do-sistema-financeiro-na-era-digital\/"},"modified":"2022-08-04T20:31:09","modified_gmt":"2022-08-04T23:31:09","slug":"inscricoes-abertas-para-curso-transformacoes-do-sistema-financeiro-na-era-digital","status":"publish","type":"post","link":"https:\/\/hostnetart.com.br\/baixada\/inscricoes-abertas-para-curso-transformacoes-do-sistema-financeiro-na-era-digital\/","title":{"rendered":"Inscri\u00e7\u00f5es abertas para curso Transforma\u00e7\u00f5es do Sistema Financeiro na Era Digital&#8221;"},"content":{"rendered":"<p>A\u00a0<a href=\"https:\/\/faculdade28deagosto.com.br\/\" target=\"_blank\" rel=\"noopener noreferrer\">Faculdade 28 de Agosto<\/a>\u00a0abriu inscri\u00e7\u00f5es para uma nova turma do curso\u00a0<em>Transforma\u00e7\u00f5es do Sistema Financeiro na Era Digital<\/em>, que acontece de 1\u00ba de setembro a 25 de outubro.<\/p>\n<p>O programa \u00e9 apresentado de forma online, com aulas ao vivo.<\/p>\n<p>Com carga hor\u00e1ria de 30 horas, o conte\u00fado busca capacitar de forma cr\u00edtica os estudantes sobre as constantes e velozes transforma\u00e7\u00f5es do sistema financeiro na era digital, a partir de temas como\u00a0<em>fintechs<\/em>,\u00a0<em>open bank<\/em>, meios de pagamento, moedas digitais, regulamenta\u00e7\u00e3o, servi\u00e7os financeiros, rela\u00e7\u00e3o com o consumidor e teletrabalho.<\/p>\n<p>O curso \u00e9 aberto, com valor b\u00e1sico de R$ 350. S\u00f3cios de sindicatos filiados \u00e0 Confedera\u00e7\u00e3o Nacional dos Trabalhadores do Ramo Financeiro (Contraf-CUT), como o <strong>Sindicato dos Banc\u00e1rios da Baixada Fluminense<\/strong>, e estudantes t\u00eam desconto de 50% e pagam R$ 175.<\/p>\n<p>As inscri\u00e7\u00f5es feitas at\u00e9 15 de agosto t\u00eam um desconto adicional, e ficam por R$ 300 e R$ 150, respectivamente, e podem ser feitas\u00a0<a href=\"https:\/\/bit.ly\/TransformacoesSistemaFinanceiro\" target=\"_blank\" rel=\"noopener noreferrer\">clicando aqui<\/a>.<\/p>\n<p>Mais informa\u00e7\u00f5es podem ser obtidas pelo WhatsApp\u00a0<a href=\"https:\/\/api.whatsapp.com\/send?phone=5511964860093\" target=\"_blank\" rel=\"noopener noreferrer\">(11 96486-0093)<\/a>\u00a0ou\u00a0<a href=\"https:\/\/spbancarios.com.br\/08\/2022\/inscreva-se-no-curso-online-transformacoes-do-sistema-financeiro-na-era-digital\" target=\"_blank\" rel=\"noopener noreferrer\">neste link<\/a>.<\/p>\n<h3><strong>Agenda e programa<\/strong><\/h3>\n<ul>\n<li>1\/9 \u2013 Tecnologia banc\u00e1ria na era digital (prof\u00aa. Ana T\u00e9rcia Sanches)<\/li>\n<li>6\/9 \u2013 Meios de pagamentos e PIX (prof. Andr\u00e9 Accorsi)<\/li>\n<li>8\/9 -Fintechs: o que s\u00e3o, como atuam e sua abrang\u00eancia (prof\u00aa. Ana Carolina Davan\u00e7o)<\/li>\n<li>13\/9 \u2013\u00a0<em>Open bank<\/em>\u00a0e SandBox regulat\u00f3rio\u00a0(prof. Andr\u00e9 Accorsi)<\/li>\n<li>15\/9 \u2013 Moedas digitais: quais s\u00e3o, como operam e seus riscos (prof. Thiago Matsumoto)<\/li>\n<li>20\/9 \u2013 Mercado de capitais (prof. Volney Golveia)<\/li>\n<li>22\/9 \u2013 Privacidade, LGDP e sistema financeiro (prof\u00aa. D\u00e9bora Serotheau)<\/li>\n<li>27\/9 \u2013 Cooperativas de cr\u00e9dito e os bancos cooperativos (prof. Luiz Silv\u00e9rio Silva)<\/li>\n<li>29\/9 \u2013 Regulamenta\u00e7\u00e3o do sistema financeiro: mudan\u00e7as recentes e futuras (prof. Carlos Eduardo Carvalho)<\/li>\n<li>4\/10 \u2013 Servi\u00e7os financeiros e rela\u00e7\u00e3o com o consumidor (prof\u00aa. Ione Amorin)<\/li>\n<li>6\/10 \u2013 ESG\u00a0e sua rela\u00e7\u00e3o com o sistema financeiro sustent\u00e1vel (prof\u00aa. Lilian Arruda)<\/li>\n<li>13\/10 \u2013 Diversidade nas empresas: conceitos, aplica\u00e7\u00f5es e criticidade (prof\u00aa.\u00a0Regina Carmargo e prof. Julio Cesar Santos)<\/li>\n<li>18\/10 \u2013 Profissionaliza\u00e7\u00e3o das ocupa\u00e7\u00f5es no sistema financeiro\u00a0(prof. Eduardo Levado e prof\u00aa. Sueli Simoneli)\u00a0<\/li>\n<li>20\/10 \u2013 Trabalho na era digital (prof\u00aa. Ana Tercia Sanches)<\/li>\n<li>25\/10 \u2013\u00a0Provoca\u00e7\u00f5es sobre o sistema financeiro e tecnologia (prof. Ladislau Dowbor)<\/li>\n<\/ul>\n<p><strong>Fonte: Contraf-CUT<\/strong><\/p>\n","protected":false},"excerpt":{"rendered":"<p>A\u00a0Faculdade 28 de Agosto\u00a0abriu inscri\u00e7\u00f5es para uma nova turma do curso\u00a0Transforma\u00e7\u00f5es do Sistema Financeiro na Era Digital, que acontece de 1\u00ba de setembro a 25 de outubro. O programa \u00e9 apresentado de forma online, com aulas ao vivo. Com carga hor\u00e1ria de 30 horas, o conte\u00fado busca capacitar de forma cr\u00edtica os estudantes sobre as [&hellip;]<\/p>\n","protected":false},"author":2,"featured_media":12931,"comment_status":"","ping_status":"","sticky":false,"template":"","format":"standard","meta":{"footnotes":""},"categories":[3],"tags":[],"class_list":["post-12932","post","type-post","status-publish","format-standard","has-post-thumbnail","hentry","category-noticias"],"_links":{"self":[{"href":"https:\/\/hostnetart.com.br\/baixada\/wp-json\/wp\/v2\/posts\/12932","targetHints":{"allow":["GET"]}}],"collection":[{"href":"https:\/\/hostnetart.com.br\/baixada\/wp-json\/wp\/v2\/posts"}],"about":[{"href":"https:\/\/hostnetart.com.br\/baixada\/wp-json\/wp\/v2\/types\/post"}],"author":[{"embeddable":true,"href":"https:\/\/hostnetart.com.br\/baixada\/wp-json\/wp\/v2\/users\/2"}],"replies":[{"embeddable":true,"href":"https:\/\/hostnetart.com.br\/baixada\/wp-json\/wp\/v2\/comments?post=12932"}],"version-history":[{"count":0,"href":"https:\/\/hostnetart.com.br\/baixada\/wp-json\/wp\/v2\/posts\/12932\/revisions"}],"wp:featuredmedia":[{"embeddable":true,"href":"https:\/\/hostnetart.com.br\/baixada\/wp-json\/wp\/v2\/media\/12931"}],"wp:attachment":[{"href":"https:\/\/hostnetart.com.br\/baixada\/wp-json\/wp\/v2\/media?parent=12932"}],"wp:term":[{"taxonomy":"category","embeddable":true,"href":"https:\/\/hostnetart.com.br\/baixada\/wp-json\/wp\/v2\/categories?post=12932"},{"taxonomy":"post_tag","embeddable":true,"href":"https:\/\/hostnetart.com.br\/baixada\/wp-json\/wp\/v2\/tags?post=12932"}],"curies":[{"name":"wp","href":"https:\/\/api.w.org\/{rel}","templated":true}]}}