{"id":12918,"date":"2022-08-03T03:05:42","date_gmt":"2022-08-03T06:05:42","guid":{"rendered":"https:\/\/hostnetart.com.br\/baixada\/cee-caixa-reivindica-acessibilidade-atitudinal-aos-pcds\/"},"modified":"2022-08-03T03:05:42","modified_gmt":"2022-08-03T06:05:42","slug":"cee-caixa-reivindica-acessibilidade-atitudinal-aos-pcds","status":"publish","type":"post","link":"https:\/\/hostnetart.com.br\/baixada\/cee-caixa-reivindica-acessibilidade-atitudinal-aos-pcds\/","title":{"rendered":"CEE\/ Caixa reivindica acessibilidade atitudinal aos PCDs"},"content":{"rendered":"<p>A quarta reuni\u00e3o de negocia\u00e7\u00e3o entre a Comiss\u00e3o Executiva dos Empregados da Caixa (CEE\/Caixa) e o banco para debater a minuta de reivindica\u00e7\u00f5es para o Acordo Coletivo de Trabalho (ACT), realizada na tarde desta ter\u00e7a-feira (2), debateu as condi\u00e7\u00f5es de trabalho das pessoas com defici\u00eancia (PCDs).<\/p>\n<p><a href=\"https:\/\/contrafcut.com.br\/noticias\/cee-caixa-cobra-medidas-para-combater-o-adoecimento-dos-empregados-do-banco\/?swcfpc=1\" target=\"_blank\" rel=\"noopener noreferrer\">Na \u00faltima reuni\u00e3o, realizada em 27 de julho<\/a>, os membros da CEE haviam questionado sobre as condi\u00e7\u00f5es de trabalho dos PCDs. Segundo a comiss\u00e3o, os mais de 4 mil trabalhadores enfrentam problemas, que dificultam sua atua\u00e7\u00e3o. A Caixa concordou em realizar uma mesa espec\u00edfica para debater as quest\u00f5es relacionadas aos PCDs. Hoje, os representantes da Caixa fizeram uma apresenta\u00e7\u00e3o sobre as a\u00e7\u00f5es realizadas para acessibilidade e condi\u00e7\u00f5es de trabalho dos PCDs.<\/p>\n<p>\u201cA nossa minuta, constru\u00edda de forma democr\u00e1tica e com participa\u00e7\u00e3o de todos os trabalhadores da Caixa, conta com nove reivindica\u00e7\u00f5es espec\u00edficas para PCDs. Elas versam sobre mais contrata\u00e7\u00f5es e melhores condi\u00e7\u00f5es de trabalho para as pessoas com defici\u00eancia. Queremos que elas sejam clausuladas para melhorar a condi\u00e7\u00e3o dos nossos colegas\u201d, lembrou o coordenador da CEE, Clot\u00e1rio Cardoso. \u201c\u00c9 um assunto muito complexo, por isso exigimos profissionais especializados para criar programas que atendam verdadeiramente as especificidades desses trabalhadores\u201d, completou.<\/p>\n<p>A representante da Federa\u00e7\u00e3o dos Banc\u00e1rios da CUT do Estado de S\u00e3o Paulo (Fetec-CUT\/SP), Vivian S\u00e1, revelou que os dirigentes sabem dos problemas n\u00e3o s\u00f3 pelo que percebem nos locais, mas das pessoas que os procuram. \u201cMuitas vezes elas se sentem mais \u00e0 vontade para se abrir conosco, para isso precisamos de acesso aos novos contratados assim que chegam, o que n\u00e3o temos hoje. Inclusive, se a Caixa est\u00e1 com essa vontade de melhorar as condi\u00e7\u00f5es de trabalho para as pessoas, melhorar os acessos, eu n\u00e3o vejo um motivo da Caixa n\u00e3o querer assinar as cl\u00e1usulas referentes aos PCDs. Essa \u00e9 hora de darmos tranquilidade inclusive aos gestores para terem subs\u00eddios normativos ao tomarem decis\u00f5es que ajude as pessoas, como transfer\u00eancias e teletrabalho\u201d, disse, ao refor\u00e7ar a reivindica\u00e7\u00e3o do coordenador.<\/p>\n<p>A diretora executiva da Confedera\u00e7\u00e3o Nacional dos Trabalhadores do Ramo Financeiro (Contraf-CUT), Eliana Brasil, destacou que os dirigentes sindicais fizeram o \u201cdever de casa\u201d, ao visitar as ag\u00eancias e conversar com os banc\u00e1rios de base. \u201cNessas visitas aprendemos que n\u00e3o basta acessibilidade nos locais de trabalho, \u00e9 preciso acessibilidade atitudinal. Sempre achei que a acessibilidade era a quest\u00e3o da cadeira de rodas, do braile, mas percebi que as pessoas t\u00eam de aprender a conviver com o outro sem preconceitos, estigmas, estere\u00f3tipos e discrimina\u00e7\u00f5es. Temos de quebrar essa barreira. E n\u00e3o s\u00f3 dos clientes, mas tamb\u00e9m dos pr\u00f3prios colegas. Assim como n\u00f3s estamos aprendendo, eles tamb\u00e9m podem e devem fazer o mesmo. T\u00e3o importante como ter locais e objetos acess\u00edveis \u00e9 que as pessoas tamb\u00e9m tenham a\u00e7\u00f5es acess\u00edveis. Essa \u00e9 uma quest\u00e3o importante para trabalharmos com os banc\u00e1rios da Caixa\u201d, concluiu.<\/p>\n<p>A pr\u00f3xima rodada de negocia\u00e7\u00e3o ser\u00e1 na pr\u00f3xima quinta-feira (4) sobre Funcef.<\/p>\n<p><strong>Fonte: Contraf-CUT<\/strong><\/p>\n","protected":false},"excerpt":{"rendered":"<p>A quarta reuni\u00e3o de negocia\u00e7\u00e3o entre a Comiss\u00e3o Executiva dos Empregados da Caixa (CEE\/Caixa) e o banco para debater a minuta de reivindica\u00e7\u00f5es para o Acordo Coletivo de Trabalho (ACT), realizada na tarde desta ter\u00e7a-feira (2), debateu as condi\u00e7\u00f5es de trabalho das pessoas com defici\u00eancia (PCDs). Na \u00faltima reuni\u00e3o, realizada em 27 de julho, os [&hellip;]<\/p>\n","protected":false},"author":2,"featured_media":12917,"comment_status":"","ping_status":"","sticky":false,"template":"","format":"standard","meta":{"footnotes":""},"categories":[3],"tags":[],"class_list":["post-12918","post","type-post","status-publish","format-standard","has-post-thumbnail","hentry","category-noticias"],"_links":{"self":[{"href":"https:\/\/hostnetart.com.br\/baixada\/wp-json\/wp\/v2\/posts\/12918","targetHints":{"allow":["GET"]}}],"collection":[{"href":"https:\/\/hostnetart.com.br\/baixada\/wp-json\/wp\/v2\/posts"}],"about":[{"href":"https:\/\/hostnetart.com.br\/baixada\/wp-json\/wp\/v2\/types\/post"}],"author":[{"embeddable":true,"href":"https:\/\/hostnetart.com.br\/baixada\/wp-json\/wp\/v2\/users\/2"}],"replies":[{"embeddable":true,"href":"https:\/\/hostnetart.com.br\/baixada\/wp-json\/wp\/v2\/comments?post=12918"}],"version-history":[{"count":0,"href":"https:\/\/hostnetart.com.br\/baixada\/wp-json\/wp\/v2\/posts\/12918\/revisions"}],"wp:featuredmedia":[{"embeddable":true,"href":"https:\/\/hostnetart.com.br\/baixada\/wp-json\/wp\/v2\/media\/12917"}],"wp:attachment":[{"href":"https:\/\/hostnetart.com.br\/baixada\/wp-json\/wp\/v2\/media?parent=12918"}],"wp:term":[{"taxonomy":"category","embeddable":true,"href":"https:\/\/hostnetart.com.br\/baixada\/wp-json\/wp\/v2\/categories?post=12918"},{"taxonomy":"post_tag","embeddable":true,"href":"https:\/\/hostnetart.com.br\/baixada\/wp-json\/wp\/v2\/tags?post=12918"}],"curies":[{"name":"wp","href":"https:\/\/api.w.org\/{rel}","templated":true}]}}