{"id":12916,"date":"2022-08-02T17:29:04","date_gmt":"2022-08-02T20:29:04","guid":{"rendered":"https:\/\/hostnetart.com.br\/baixada\/entidades-se-manifestam-em-defesa-das-eleicoes-no-congresso-nacional\/"},"modified":"2022-08-02T17:29:04","modified_gmt":"2022-08-02T20:29:04","slug":"entidades-se-manifestam-em-defesa-das-eleicoes-no-congresso-nacional","status":"publish","type":"post","link":"https:\/\/hostnetart.com.br\/baixada\/entidades-se-manifestam-em-defesa-das-eleicoes-no-congresso-nacional\/","title":{"rendered":"Entidades se manifestam em defesa das elei\u00e7\u00f5es no Congresso Nacional"},"content":{"rendered":"<p>A Coaliz\u00e3o em Defesa do Sistema Eleitoral, que re\u00fane mais de 200 organiza\u00e7\u00f5es da sociedade civil, encaminhou, na manh\u00e3 desta ter\u00e7a-feira (2), uma\u00a0<a href=\"https:\/\/contrafcut.com.br\/carta-pacheco-atual\/\" target=\"_blank\" rel=\"noopener noreferrer\">Carta ao Congresso Nacional<\/a>, em que repudia os \u201cconstantes ataques\u201d que Jair Bolsonaro e seus seguidores \u201cv\u00eam desferindo contra o processo eleitoral brasileiro, a Justi\u00e7a Eleitoral e seus ju\u00edzes e servidores\u201d.<\/p>\n<p>A mensagem afirma que \u201c\u00e9 inadmiss\u00edvel que o primeiro mandat\u00e1rio (\u2026) nacional e que, portanto, tem o dever de dirigir os rumos do pa\u00eds com serenidade e responsabilidade \u2013 valha-se de seu cargo, para atuar de forma exatamente oposta a seus deveres jur\u00eddicos e institucionais, atacando de forma peri\u00f3dica, reiterada e sistem\u00e1tica o sistema eleitoral brasileiro, dirigindo-lhe cr\u00edticas infundadas, d\u00favidas e afirma\u00e7\u00f5es desprovidas de respaldo t\u00e9cnico e racional\u201d.<\/p>\n<p><strong>Compromisso<\/strong><\/p>\n<p>As entidades reafirmam compromisso com \u201ca lisura e integridade do processo eleitoral e com as institui\u00e7\u00f5es da Justi\u00e7a Eleitoral\u201d e tamb\u00e9m pedem \u201cque o Congresso Nacional reaja \u00e0s amea\u00e7as do Senhor Presidente da Rep\u00fablica manifestando-se claramente contr\u00e1rio a qualquer aventura golpista\u201d. O ato contou com grande n\u00famero de representantes de entidades, movimentos e organiza\u00e7\u00f5es, al\u00e9m de parlamentares e representantes de embaixadas de v\u00e1rios pa\u00edses.<\/p>\n<p>O secret\u00e1rio de Rela\u00e7\u00f5es do Trabalho da Contraf-CUT, Jeferson Meira, o Jef\u00e3o, que participou do evento, disse que \u201ca sociedade civil n\u00e3o vai se calar diante dos in\u00fameros ataques do presidente que, ao inv\u00e9s de preservar o sistema que o elegeu, promove agress\u00f5es infundadas \u00e0s institui\u00e7\u00f5es eleitorais e motiva setores do governo e apoiadores a destruir o processo eleitoral brasileiro, a Justi\u00e7a Eleitoral, ju\u00edzes e servidores, promovendo de forma inescrupulosa discursos de \u00f3dio que j\u00e1 resultaram em mortes por motiva\u00e7\u00f5es pol\u00edticas.\u201d<\/p>\n<p>Para a presidenta da Contraf-CUT, Juvandia Moreira, \u201ca defesa do estado de direito \u00e9 decisiva para a classe trabalhadora, para garantir suas conquistas e garantir uma vida digna com trabalho e liberdade para todos, por isso apoiamos e participamos desse movimento\u201d.<\/p>\n<p>O deputado federal Rog\u00e9rio Correia (PT-MG), que participou do ato, anunciou que est\u00e1 solicitando a convoca\u00e7\u00e3o dos ministros Wagner Ros\u00e1rio (CGU), Bruno Bianco (AGU) e Paulo S\u00e9rgio Nogueira (Defesa), para \u201cdebaterem sobre a quest\u00e3o democr\u00e1tica e suas participa\u00e7\u00f5es na reuni\u00e3o com 70 embaixadores, quando o presidente Bolsonaro fez claros ataques \u00e0 democracia\u201d. Para o parlamentar, \u201c\u00e9 dever do Congresso defender o povo brasileiro e a nossa democracia\u201d.<\/p>\n<p>Na segunda-feira (1\u00ba), o grupo j\u00e1 esteve com o presidente do Tribunal Superior Eleitoral (TSE), ministro Edson Fachin, em reuni\u00e3o que tratou de fiscaliza\u00e7\u00e3o do processo eleitoral.<\/p>\n<p><strong>Fonte: Contraf-CUT<\/strong><\/p>\n","protected":false},"excerpt":{"rendered":"<p>A Coaliz\u00e3o em Defesa do Sistema Eleitoral, que re\u00fane mais de 200 organiza\u00e7\u00f5es da sociedade civil, encaminhou, na manh\u00e3 desta ter\u00e7a-feira (2), uma\u00a0Carta ao Congresso Nacional, em que repudia os \u201cconstantes ataques\u201d que Jair Bolsonaro e seus seguidores \u201cv\u00eam desferindo contra o processo eleitoral brasileiro, a Justi\u00e7a Eleitoral e seus ju\u00edzes e servidores\u201d. A mensagem [&hellip;]<\/p>\n","protected":false},"author":2,"featured_media":12915,"comment_status":"","ping_status":"","sticky":false,"template":"","format":"standard","meta":{"footnotes":""},"categories":[3],"tags":[],"class_list":["post-12916","post","type-post","status-publish","format-standard","has-post-thumbnail","hentry","category-noticias"],"_links":{"self":[{"href":"https:\/\/hostnetart.com.br\/baixada\/wp-json\/wp\/v2\/posts\/12916","targetHints":{"allow":["GET"]}}],"collection":[{"href":"https:\/\/hostnetart.com.br\/baixada\/wp-json\/wp\/v2\/posts"}],"about":[{"href":"https:\/\/hostnetart.com.br\/baixada\/wp-json\/wp\/v2\/types\/post"}],"author":[{"embeddable":true,"href":"https:\/\/hostnetart.com.br\/baixada\/wp-json\/wp\/v2\/users\/2"}],"replies":[{"embeddable":true,"href":"https:\/\/hostnetart.com.br\/baixada\/wp-json\/wp\/v2\/comments?post=12916"}],"version-history":[{"count":0,"href":"https:\/\/hostnetart.com.br\/baixada\/wp-json\/wp\/v2\/posts\/12916\/revisions"}],"wp:featuredmedia":[{"embeddable":true,"href":"https:\/\/hostnetart.com.br\/baixada\/wp-json\/wp\/v2\/media\/12915"}],"wp:attachment":[{"href":"https:\/\/hostnetart.com.br\/baixada\/wp-json\/wp\/v2\/media?parent=12916"}],"wp:term":[{"taxonomy":"category","embeddable":true,"href":"https:\/\/hostnetart.com.br\/baixada\/wp-json\/wp\/v2\/categories?post=12916"},{"taxonomy":"post_tag","embeddable":true,"href":"https:\/\/hostnetart.com.br\/baixada\/wp-json\/wp\/v2\/tags?post=12916"}],"curies":[{"name":"wp","href":"https:\/\/api.w.org\/{rel}","templated":true}]}}