{"id":12914,"date":"2022-08-02T17:27:47","date_gmt":"2022-08-02T20:27:47","guid":{"rendered":"https:\/\/hostnetart.com.br\/baixada\/banco-do-brasil-mesa-sobre-clausulas-sociais-e-reagendada-para-sexta-feira-5\/"},"modified":"2022-08-02T17:27:47","modified_gmt":"2022-08-02T20:27:47","slug":"banco-do-brasil-mesa-sobre-clausulas-sociais-e-reagendada-para-sexta-feira-5","status":"publish","type":"post","link":"https:\/\/hostnetart.com.br\/baixada\/banco-do-brasil-mesa-sobre-clausulas-sociais-e-reagendada-para-sexta-feira-5\/","title":{"rendered":"Banco do Brasil: Mesa sobre cl\u00e1usulas sociais \u00e9 reagendada para sexta-feira (5)"},"content":{"rendered":"<p>O Banco do Brasil solicitou o cancelamento da mesa de negocia\u00e7\u00f5es com a Comiss\u00e3o de Empresa dos Funcion\u00e1rios do Banco do Brasil (CEBB), que ocorreria na tarde desta ter\u00e7a-feira (2), sobre Clausulas Sociais. O encontro foi reagendado para sexta-feira (5).<\/p>\n<p>J\u00e1 foram realizadas tr\u00eas reuni\u00f5es para a renova\u00e7\u00e3o do Acordo Coletivo de Trabalho (ACT) espec\u00edfico do BB, pela Campanha Nacional 2022. Os temas desses encontros foram Igualdade de Oportunidades, Emprego e Terceiriza\u00e7\u00e3o e Seguran\u00e7a, al\u00e9m da entrega de pautas espec\u00edficas \u00e0 Previ e \u00e0 Cassi.<\/p>\n<h3>Agenda atualizada das pr\u00f3ximas reuni\u00f5es:<\/h3>\n<ul>\n<li>Quinta-feira \u2013 4 de agosto \u2013 Teletrabalho<\/li>\n<li>Sexta-feira \u2013 5 de agosto \u2013 Cl\u00e1usulas sociais<\/li>\n<li>Ter\u00e7a-feira \u2013 9 de agosto \u2013 Sa\u00fade e Condi\u00e7\u00f5es de Trabalho<\/li>\n<li>Sexta-feira \u2013 12 de agosto \u2013 Cl\u00e1usulas Econ\u00f4micas<\/li>\n<li>Quarta-feira \u2013 17 de agosto \u2013 Representa\u00e7\u00e3o<\/li>\n<\/ul>\n<p><strong>Fonte: Contraf-CUT<\/strong><\/p>\n","protected":false},"excerpt":{"rendered":"<p>O Banco do Brasil solicitou o cancelamento da mesa de negocia\u00e7\u00f5es com a Comiss\u00e3o de Empresa dos Funcion\u00e1rios do Banco do Brasil (CEBB), que ocorreria na tarde desta ter\u00e7a-feira (2), sobre Clausulas Sociais. O encontro foi reagendado para sexta-feira (5). J\u00e1 foram realizadas tr\u00eas reuni\u00f5es para a renova\u00e7\u00e3o do Acordo Coletivo de Trabalho (ACT) espec\u00edfico [&hellip;]<\/p>\n","protected":false},"author":2,"featured_media":12913,"comment_status":"","ping_status":"","sticky":false,"template":"","format":"standard","meta":{"footnotes":""},"categories":[3],"tags":[],"class_list":["post-12914","post","type-post","status-publish","format-standard","has-post-thumbnail","hentry","category-noticias"],"_links":{"self":[{"href":"https:\/\/hostnetart.com.br\/baixada\/wp-json\/wp\/v2\/posts\/12914","targetHints":{"allow":["GET"]}}],"collection":[{"href":"https:\/\/hostnetart.com.br\/baixada\/wp-json\/wp\/v2\/posts"}],"about":[{"href":"https:\/\/hostnetart.com.br\/baixada\/wp-json\/wp\/v2\/types\/post"}],"author":[{"embeddable":true,"href":"https:\/\/hostnetart.com.br\/baixada\/wp-json\/wp\/v2\/users\/2"}],"replies":[{"embeddable":true,"href":"https:\/\/hostnetart.com.br\/baixada\/wp-json\/wp\/v2\/comments?post=12914"}],"version-history":[{"count":0,"href":"https:\/\/hostnetart.com.br\/baixada\/wp-json\/wp\/v2\/posts\/12914\/revisions"}],"wp:featuredmedia":[{"embeddable":true,"href":"https:\/\/hostnetart.com.br\/baixada\/wp-json\/wp\/v2\/media\/12913"}],"wp:attachment":[{"href":"https:\/\/hostnetart.com.br\/baixada\/wp-json\/wp\/v2\/media?parent=12914"}],"wp:term":[{"taxonomy":"category","embeddable":true,"href":"https:\/\/hostnetart.com.br\/baixada\/wp-json\/wp\/v2\/categories?post=12914"},{"taxonomy":"post_tag","embeddable":true,"href":"https:\/\/hostnetart.com.br\/baixada\/wp-json\/wp\/v2\/tags?post=12914"}],"curies":[{"name":"wp","href":"https:\/\/api.w.org\/{rel}","templated":true}]}}