{"id":12912,"date":"2022-08-02T13:47:32","date_gmt":"2022-08-02T16:47:32","guid":{"rendered":"https:\/\/hostnetart.com.br\/baixada\/live-debate-adoecimento-entre-bancarios\/"},"modified":"2022-08-02T13:47:32","modified_gmt":"2022-08-02T16:47:32","slug":"live-debate-adoecimento-entre-bancarios","status":"publish","type":"post","link":"https:\/\/hostnetart.com.br\/baixada\/live-debate-adoecimento-entre-bancarios\/","title":{"rendered":"Live debate adoecimento entre banc\u00e1rios"},"content":{"rendered":"<p>O adoecimento entre os banc\u00e1rios e banc\u00e1rias, decorrente de ass\u00e9dio moral e press\u00e3o dos bancos pelo cumprimento de metas abusivas, ser\u00e1 discutido em\u00a0<em>live<\/em>\u00a0promovida pela Confedera\u00e7\u00e3o Nacional dos Trabalhadores do Ramo Financeiro (Contraf-CUT), nesta quarta-feira (3), \u00e0s 18 horas.<\/p>\n<p>Participam do debate a presidenta da Contraf-CUT, Juvandia Moreira; o advogado do escrit\u00f3rio LBS; Paulo Roberto Alves Silva; e o professor da Faculdade de Educa\u00e7\u00e3o da Universidade Estadual de Campinas (Unicamp), Roberto Heloani.<\/p>\n<p>Os tr\u00eas convidados t\u00eam grande experi\u00eancia com o tema, cada um por uma perspectiva diferente. Juvandia \u00e9 uma das coordenadoras do Comando Nacional dos Banc\u00e1rios, que est\u00e1 em plena negocia\u00e7\u00e3o com os bancos, na Campanha Nacional 2022, em que o\u00a0<a href=\"https:\/\/contrafcut.com.br\/noticias\/comando-dos-bancarios-cobra-fim-do-assedio-moral\/\" target=\"_blank\" rel=\"noopener noreferrer\">fim do ass\u00e9dio moral<\/a>\u00a0\u00e9 um tema de destaque na pauta de reivindica\u00e7\u00f5es da categoria.<\/p>\n<p>O advogado Alves Silva atuou, pelo Sindicato dos Banc\u00e1rios de Bras\u00edlia, como assistente do Minist\u00e9rio P\u00fablico do Trabalho (MPT), na\u00a0<a href=\"https:\/\/contrafcut.com.br\/noticias\/justica-confirma-condenacao-do-santander-por-danos-morais\/?swcfpc=1\" target=\"_blank\" rel=\"noopener noreferrer\">a\u00e7\u00e3o que condenou o Santander por ass\u00e9dio moral<\/a>\u00a0e metas abusivas. Heloani, al\u00e9m de ensinar \u00e1rea de Gest\u00e3o, Sa\u00fade e Subjetividade na Unicamp, \u00e9 professor conveniado junto \u00e0 Universit\u00e9 de Nanterre (Paris X) e atua nos temas \u00e9tica no trabalho, ass\u00e9dio moral e sexual e sa\u00fade no trabalho.<\/p>\n<p>Para o secret\u00e1rio de Sa\u00fade do Trabalhador da Contraf-CUT, Mauro Salles, \u201cesta ser\u00e1 mais uma oportunidade de debater e denunciar a situa\u00e7\u00e3o que passa nossa categoria, em que as metas abusivas, a press\u00e3o por resultados e o ass\u00e9dio moral t\u00eam causado muito sofrimento e adoecimento. Precisamos dar visibilidade \u00e0 situa\u00e7\u00e3o e exigir dos bancos medidas concretas e respeito aos banc\u00e1rios\u201d.<\/p>\n<p>O evento ter\u00e1 transmiss\u00e3o ao vivo nos canais da Contraf-CUT do\u00a0<a href=\"https:\/\/www.youtube.com\/channel\/UCQoiO9j_0_0aB1N24E7do0A\" target=\"_blank\" rel=\"noopener noreferrer\">Youtube<\/a>\u00a0e do\u00a0<a href=\"https:\/\/web.facebook.com\/contrafcut\/\" target=\"_blank\" rel=\"noopener noreferrer\">Facebook<\/a>.<\/p>\n<p><strong>Fonte: Contraf-CUT<\/strong><\/p>\n","protected":false},"excerpt":{"rendered":"<p>O adoecimento entre os banc\u00e1rios e banc\u00e1rias, decorrente de ass\u00e9dio moral e press\u00e3o dos bancos pelo cumprimento de metas abusivas, ser\u00e1 discutido em\u00a0live\u00a0promovida pela Confedera\u00e7\u00e3o Nacional dos Trabalhadores do Ramo Financeiro (Contraf-CUT), nesta quarta-feira (3), \u00e0s 18 horas. Participam do debate a presidenta da Contraf-CUT, Juvandia Moreira; o advogado do escrit\u00f3rio LBS; Paulo Roberto Alves [&hellip;]<\/p>\n","protected":false},"author":2,"featured_media":12911,"comment_status":"","ping_status":"","sticky":false,"template":"","format":"standard","meta":{"footnotes":""},"categories":[3],"tags":[],"class_list":["post-12912","post","type-post","status-publish","format-standard","has-post-thumbnail","hentry","category-noticias"],"_links":{"self":[{"href":"https:\/\/hostnetart.com.br\/baixada\/wp-json\/wp\/v2\/posts\/12912","targetHints":{"allow":["GET"]}}],"collection":[{"href":"https:\/\/hostnetart.com.br\/baixada\/wp-json\/wp\/v2\/posts"}],"about":[{"href":"https:\/\/hostnetart.com.br\/baixada\/wp-json\/wp\/v2\/types\/post"}],"author":[{"embeddable":true,"href":"https:\/\/hostnetart.com.br\/baixada\/wp-json\/wp\/v2\/users\/2"}],"replies":[{"embeddable":true,"href":"https:\/\/hostnetart.com.br\/baixada\/wp-json\/wp\/v2\/comments?post=12912"}],"version-history":[{"count":0,"href":"https:\/\/hostnetart.com.br\/baixada\/wp-json\/wp\/v2\/posts\/12912\/revisions"}],"wp:featuredmedia":[{"embeddable":true,"href":"https:\/\/hostnetart.com.br\/baixada\/wp-json\/wp\/v2\/media\/12911"}],"wp:attachment":[{"href":"https:\/\/hostnetart.com.br\/baixada\/wp-json\/wp\/v2\/media?parent=12912"}],"wp:term":[{"taxonomy":"category","embeddable":true,"href":"https:\/\/hostnetart.com.br\/baixada\/wp-json\/wp\/v2\/categories?post=12912"},{"taxonomy":"post_tag","embeddable":true,"href":"https:\/\/hostnetart.com.br\/baixada\/wp-json\/wp\/v2\/tags?post=12912"}],"curies":[{"name":"wp","href":"https:\/\/api.w.org\/{rel}","templated":true}]}}