{"id":12910,"date":"2022-08-02T12:46:59","date_gmt":"2022-08-02T15:46:59","guid":{"rendered":"https:\/\/hostnetart.com.br\/baixada\/comando-dos-bancarios-cobra-fim-do-assedio-moral\/"},"modified":"2022-08-02T12:46:59","modified_gmt":"2022-08-02T15:46:59","slug":"comando-dos-bancarios-cobra-fim-do-assedio-moral","status":"publish","type":"post","link":"https:\/\/hostnetart.com.br\/baixada\/comando-dos-bancarios-cobra-fim-do-assedio-moral\/","title":{"rendered":"Comando dos Banc\u00e1rios cobra fim do ass\u00e9dio moral"},"content":{"rendered":"<p>A maior causa do adoecimento na categoria banc\u00e1ria \u00e9 a press\u00e3o, com ass\u00e9dio moral, por metas abusivas. Este foi um dos principais pontos da negocia\u00e7\u00e3o que aconteceu na tarde desta segunda-feira (1\u00ba\/8) entre o Comando Nacional dos Banc\u00e1rios e a Federa\u00e7\u00e3o Nacional dos Bancos (Fenaban). Segundo levantamento realizado pelo Departamento Intersindical de Estat\u00edstica e Estudos Socioecon\u00f4micos (Dieese), nos \u00faltimos cinco anos, o n\u00famero de afastamentos nos bancos aumentou 26,2%, enquanto no geral a varia\u00e7\u00e3o foi de 15,4%. A varia\u00e7\u00e3o entre os banc\u00e1rios foi 1,7 vezes maior do que a m\u00e9dia dos outros setores.<\/p>\n<p>Para a categoria, o tema de Sa\u00fade tem uma import\u00e2ncia muito grande. Com as mudan\u00e7as do setor financeiro houve altera\u00e7\u00f5es tamb\u00e9m no tipo de doen\u00e7a entre os banc\u00e1rios. Antes as doen\u00e7as que mais acometiam a categoria eram as Les\u00f5es por Esfor\u00e7os Repetitivos (LER) e os Dist\u00farbios Osteomusculares Relacionados ao Trabalho (Dort) e agora \u00e9 o adoecimento mental.<\/p>\n<p>\u201cOs bancos come\u00e7aram a reuni\u00e3o dizendo que as metas n\u00e3o geram adoecimento, que o adoecimento mental n\u00e3o \u00e9 um problema dos banc\u00e1rios. Mas n\u00f3s provamos que o adoecimento mental dos banc\u00e1rios \u00e9 maior que em outras categorias\u201d, observou a presidenta da Confedera\u00e7\u00e3o Nacional dos Trabalhadores do Ramo Financeiro (Contraf-CUT), Juvandia Moreira, \u201cPara fechar a campanha \u00e9 preciso avan\u00e7ar no combate ao ass\u00e9dio moral\u201d, completou Juvandia, que \u00e9 uma das coordenadoras do Comando Nacional dos Banc\u00e1rios. Ap\u00f3s press\u00e3o do Comando, a Fenaban aceitou analisar as propostas da minuta de reivindica\u00e7\u00f5es da categoria.<\/p>\n<h2><strong>A negocia\u00e7\u00e3o<\/strong><\/h2>\n<p>O secret\u00e1rio da Sa\u00fade do Trabalhador da Contraf-CUT, Mauro Salles, ressaltou que o adoecimento f\u00edsico e ps\u00edquico na categoria aumentou. \u201cAl\u00e9m dos riscos ergon\u00f4mico e psicossocial, surgiu mais um, o biol\u00f3gico, relacionado \u00e0 Covid-19, para tensionar e adoecer ainda mais os banc\u00e1rios\u201d, observou. \u201cOs bancos precisam tratar esta quest\u00e3o com foco na sa\u00fade e n\u00e3o econ\u00f4mica, na busca de mais lucro\u201d, completou.<\/p>\n<p>O levantamento do Dieese, a partir de dados do INSS, aponta que as doen\u00e7as mentais e comportamentais representavam 23% dos afastamentos previdenci\u00e1rios da categoria em 2012. Em 2021, a porcentagem passou para 36%. Entre os afastamentos acident\u00e1rios (B91), o salto foi de 30% em 2012 para 55% em 2021. As doen\u00e7as nervosas sa\u00edram de 9% para 16%.<\/p>\n<p>\u201cExistem diversos n\u00fameros e pesquisas que apontam a cobran\u00e7a de metas como a causa do adoecimento mental da categoria. Cobramos muito a quest\u00e3o da sa\u00fade e os bancos n\u00e3o deram retorno, mas aceitaram analisar nossas propostas\u201d, disse a presidenta do Sindicato dos Banc\u00e1rios de S\u00e3o Paulo, Osasco e Regi\u00e3o, Ivone Silva, que tamb\u00e9m \u00e9 coordenadora do Comando Nacional dos Banc\u00e1rios.<\/p>\n<p>Ivone lembrou que, recentemente, o banco\u00a0<a href=\"https:\/\/contrafcut.com.br\/noticias\/justica-confirma-condenacao-do-santander-por-danos-morais\" target=\"_blank\" rel=\"noopener noreferrer\">Santander foi condenado<\/a>\u00a0a pagar R$ 275 milh\u00f5es de indeniza\u00e7\u00e3o por cobran\u00e7a de metas abusivas, em uma a\u00e7\u00e3o coletiva movida pelo Minist\u00e9rio P\u00fablico do Trabalho com base em estudos embasados em diversos dados, pesquisas e entrevistas com trabalhadores da categoria. Na decis\u00e3o a Justi\u00e7a proibiu o banco de continuar a exercer tais pr\u00e1ticas.<\/p>\n<p>Tamb\u00e9m ganhou grande repercuss\u00e3o as den\u00fancias de ass\u00e9dio moral e sexual que levaram \u00e0 queda do ex-presidente da Caixa Econ\u00f4mica Federal, Pedro Guimar\u00e3es.<\/p>\n<p>\u201cS\u00e3o exemplos t\u00edpicos do ass\u00e9dio que acontece no dia a dia em diversas ag\u00eancias e departamentos banc\u00e1rios em todo o pa\u00eds e que t\u00eam levado os banc\u00e1rios ao adoecimento\u201d, disse Juvandia. \u201cAs discuss\u00f5es precisam avan\u00e7ar, pois n\u00e3o podemos permitir que os banc\u00e1rios continuem adoecendo\u201d, completou lembrando que, na \u00faltima pesquisa de teletrabalho, 37,5% dos banc\u00e1rios disseram que para melhorar a sa\u00fade da categoria os bancos precisam reduzir as metas e a press\u00e3o pelo seu cumprimento.<\/p>\n<p>Na reuni\u00e3o desta segunda-feira, os bancos insistiram que seria preciso realizar estudos para se comprovar se o adoecimento mental \u00e9 consequ\u00eancia da press\u00e3o por metas e do ass\u00e9dio moral sobre os banc\u00e1rios. Mas, ap\u00f3s o Comando apresentar diversos casos concretos, coletados a partir do atendimento a banc\u00e1rios no dia a dia, a Fenaban aceitou analisar as propostas da categoria.<\/p>\n<h3><strong>Novas cl\u00e1usulas<\/strong><\/h3>\n<p>A presidenta do Sindicato dos Banc\u00e1rios de S\u00e3o Paulo, Osasco e Regi\u00e3o, Ivone Silva, refor\u00e7ou a necessidade de inclus\u00e3o de novas cl\u00e1usulas na Conven\u00e7\u00e3o Coletiva de Trabalho (CCT) em decorr\u00eancia da atual conjuntura sanit\u00e1ria do pa\u00eds e do mundo ao lembrar da import\u00e2ncia de se estabelecer protocolos sanit\u00e1rios para se evitar o cont\u00e1gio e propaga\u00e7\u00e3o n\u00e3o apenas da Covid-19, mas tamb\u00e9m de outras doen\u00e7as. \u201cAlgumas epidemias, como a var\u00edola do macaco, j\u00e1 est\u00e3o atingindo o pa\u00eds e outras est\u00e3o surgindo. Assim como fizemos com a Covid-19, precisamos pensar em protocolos para evitar o cont\u00e1gio na categoria e dela para os clientes e a sociedade como um todo\u201d, disse. Ivone tamb\u00e9m falou da import\u00e2ncia de se pensar em equipamentos para a renova\u00e7\u00e3o do ar no ambiente de trabalho.<\/p>\n<p>Outra cl\u00e1usula nova \u00e9 a que trata das medidas p\u00f3s-covid-19, com a inclus\u00e3o de procedimentos de combate e preven\u00e7\u00e3o de doen\u00e7as e suas sequelas. \u201cE os bancos devem pensar formas para que as pessoas que est\u00e3o com sequelas, como cansa\u00e7o, por exemplo, sejam reabilitadas e, se for o caso, sejam realocadas\u201d, disse a presidenta do Seeb\/SP.<\/p>\n<h3><strong>Pr\u00f3xima reuni\u00e3o<\/strong><\/h3>\n<p>A pr\u00f3xima reuni\u00e3o de negocia\u00e7\u00e3o da Campanha Nacional dos Banc\u00e1rios 2022 com a Fenaban acontece na quarta-feira (3). Em pauta, as cl\u00e1usulas econ\u00f4micas.<\/p>\n<p><strong>Fonte: Contraf-CUT<\/strong><\/p>\n","protected":false},"excerpt":{"rendered":"<p>A maior causa do adoecimento na categoria banc\u00e1ria \u00e9 a press\u00e3o, com ass\u00e9dio moral, por metas abusivas. Este foi um dos principais pontos da negocia\u00e7\u00e3o que aconteceu na tarde desta segunda-feira (1\u00ba\/8) entre o Comando Nacional dos Banc\u00e1rios e a Federa\u00e7\u00e3o Nacional dos Bancos (Fenaban). Segundo levantamento realizado pelo Departamento Intersindical de Estat\u00edstica e Estudos [&hellip;]<\/p>\n","protected":false},"author":2,"featured_media":12909,"comment_status":"","ping_status":"","sticky":false,"template":"","format":"standard","meta":{"footnotes":""},"categories":[3],"tags":[],"class_list":["post-12910","post","type-post","status-publish","format-standard","has-post-thumbnail","hentry","category-noticias"],"_links":{"self":[{"href":"https:\/\/hostnetart.com.br\/baixada\/wp-json\/wp\/v2\/posts\/12910","targetHints":{"allow":["GET"]}}],"collection":[{"href":"https:\/\/hostnetart.com.br\/baixada\/wp-json\/wp\/v2\/posts"}],"about":[{"href":"https:\/\/hostnetart.com.br\/baixada\/wp-json\/wp\/v2\/types\/post"}],"author":[{"embeddable":true,"href":"https:\/\/hostnetart.com.br\/baixada\/wp-json\/wp\/v2\/users\/2"}],"replies":[{"embeddable":true,"href":"https:\/\/hostnetart.com.br\/baixada\/wp-json\/wp\/v2\/comments?post=12910"}],"version-history":[{"count":0,"href":"https:\/\/hostnetart.com.br\/baixada\/wp-json\/wp\/v2\/posts\/12910\/revisions"}],"wp:featuredmedia":[{"embeddable":true,"href":"https:\/\/hostnetart.com.br\/baixada\/wp-json\/wp\/v2\/media\/12909"}],"wp:attachment":[{"href":"https:\/\/hostnetart.com.br\/baixada\/wp-json\/wp\/v2\/media?parent=12910"}],"wp:term":[{"taxonomy":"category","embeddable":true,"href":"https:\/\/hostnetart.com.br\/baixada\/wp-json\/wp\/v2\/categories?post=12910"},{"taxonomy":"post_tag","embeddable":true,"href":"https:\/\/hostnetart.com.br\/baixada\/wp-json\/wp\/v2\/tags?post=12910"}],"curies":[{"name":"wp","href":"https:\/\/api.w.org\/{rel}","templated":true}]}}