{"id":12908,"date":"2022-08-01T16:58:03","date_gmt":"2022-08-01T19:58:03","guid":{"rendered":"https:\/\/hostnetart.com.br\/baixada\/entidades-promovem-em-brasilia-atividades-pela-democracia\/"},"modified":"2022-08-01T16:58:03","modified_gmt":"2022-08-01T19:58:03","slug":"entidades-promovem-em-brasilia-atividades-pela-democracia","status":"publish","type":"post","link":"https:\/\/hostnetart.com.br\/baixada\/entidades-promovem-em-brasilia-atividades-pela-democracia\/","title":{"rendered":"Entidades promovem em Bras\u00edlia atividades pela democracia"},"content":{"rendered":"<p>A Coaliz\u00e3o em Defesa do Sistema Eleitoral, iniciativa que re\u00fane mais de 200 entidades e organiza\u00e7\u00f5es da sociedade civil, participa do encontro de entidades fiscalizadoras do processo eleitoral, que acontece nesta segunda-feira (1\u00ba), no Tribunal Superior Eleitoral (TSE), \u00e0s 14 horas, em Bras\u00edlia.<\/p>\n<p>Na reuni\u00e3o, coordenada pelo presidente do TSE, o ministro do Supremo Tribunal Federal (STF), Edson Fachin, ser\u00e3o apresentadas as normas e orienta\u00e7\u00f5es sobre o processo de fiscaliza\u00e7\u00e3o e auditoria do sistema eletr\u00f4nico de vota\u00e7\u00e3o.<\/p>\n<p>A Confedera\u00e7\u00e3o Nacional dos Trabalhadores do Ramo financeiro (Contraf-CUT) est\u00e1 entre as organiza\u00e7\u00f5es da classe trabalhadora que integram a Coaliz\u00e3o. Para Jeferson Meira, o Jef\u00e3o, secret\u00e1rio de Rela\u00e7\u00f5es do Trabalho da Contraf-CUT, que estar\u00e1 no evento, \u201cap\u00f3s imensos esfor\u00e7os para consolidar a nossa democracia, ao longo de d\u00e9cadas, e o aprimoramento das elei\u00e7\u00f5es que se tornaram exemplo mundial, temos que, mais uma vez, defender de forma contundente a honra do povo brasileiro contra os ataques infundados e psic\u00f3ticos de um presidente que, no auge da sua alta rejei\u00e7\u00e3o, tenta colocar em cheque o mesmo sistema eleitoral e democr\u00e1tico com o qual ele pr\u00f3prio se elegeu\u201d.<\/p>\n<h3><strong>Ato no Senado<\/strong><\/h3>\n<p>Na pr\u00f3xima ter\u00e7a-feira (2), \u00e0s 10 horas, a Coaliz\u00e3o promove ato em defesa das elei\u00e7\u00f5es e contra a viol\u00eancia pol\u00edtica no Senado Federal. A manifesta\u00e7\u00e3o tem como objetivo defender o sistema eleitoral dos constantes ataques feitos por Jair Bolsonaro e setores ligados a ele contra o processo eleitoral, a Justi\u00e7a Eleitoral, ju\u00edzes e servidores, bem como denunciar as agress\u00f5es por motiva\u00e7\u00f5es pol\u00edticas que j\u00e1 resultaram em morte este ano.<\/p>\n<p>A coaliz\u00e3o planeja ainda a realiza\u00e7\u00e3o de uma s\u00e9rie de atos, durante todo o per\u00edodo eleitoral, em defesa da democracia e de reafirma\u00e7\u00e3o do sistema de vota\u00e7\u00e3o brasileiro. Para a presidenta da Contraf-CUT, Juvandia Moreira, \u201ca defesa do estado de direito \u00e9 decisiva para a classe trabalhadora, para garantir suas conquistas e garantir uma vida digna com trabalho e liberdade para todos, por isso apoiamos e participamos desse movimento\u201d.<\/p>\n<h3><strong>Encontro no TSE<\/strong><\/h3>\n<p>Agenda: segunda-feira, dia 1\u00ba, \u00e0s 14h<\/p>\n<p>Local: Tribunal Superior Eleitoral (TSE)<\/p>\n<h3><strong>Ato em defesa das elei\u00e7\u00f5es e contra a viol\u00eancia pol\u00edtica<\/strong><\/h3>\n<p>Agenda: ter\u00e7a-feira, dia 2, \u00e0s 10h<\/p>\n<p>Local: Senado Federal (Anexo II, ala Alexandre Costa, sala 7)<\/p>\n<p><strong>Fonte: Contraf-CUT<\/strong><\/p>\n","protected":false},"excerpt":{"rendered":"<p>A Coaliz\u00e3o em Defesa do Sistema Eleitoral, iniciativa que re\u00fane mais de 200 entidades e organiza\u00e7\u00f5es da sociedade civil, participa do encontro de entidades fiscalizadoras do processo eleitoral, que acontece nesta segunda-feira (1\u00ba), no Tribunal Superior Eleitoral (TSE), \u00e0s 14 horas, em Bras\u00edlia. Na reuni\u00e3o, coordenada pelo presidente do TSE, o ministro do Supremo Tribunal [&hellip;]<\/p>\n","protected":false},"author":2,"featured_media":12907,"comment_status":"","ping_status":"","sticky":false,"template":"","format":"standard","meta":{"footnotes":""},"categories":[3],"tags":[],"class_list":["post-12908","post","type-post","status-publish","format-standard","has-post-thumbnail","hentry","category-noticias"],"_links":{"self":[{"href":"https:\/\/hostnetart.com.br\/baixada\/wp-json\/wp\/v2\/posts\/12908","targetHints":{"allow":["GET"]}}],"collection":[{"href":"https:\/\/hostnetart.com.br\/baixada\/wp-json\/wp\/v2\/posts"}],"about":[{"href":"https:\/\/hostnetart.com.br\/baixada\/wp-json\/wp\/v2\/types\/post"}],"author":[{"embeddable":true,"href":"https:\/\/hostnetart.com.br\/baixada\/wp-json\/wp\/v2\/users\/2"}],"replies":[{"embeddable":true,"href":"https:\/\/hostnetart.com.br\/baixada\/wp-json\/wp\/v2\/comments?post=12908"}],"version-history":[{"count":0,"href":"https:\/\/hostnetart.com.br\/baixada\/wp-json\/wp\/v2\/posts\/12908\/revisions"}],"wp:featuredmedia":[{"embeddable":true,"href":"https:\/\/hostnetart.com.br\/baixada\/wp-json\/wp\/v2\/media\/12907"}],"wp:attachment":[{"href":"https:\/\/hostnetart.com.br\/baixada\/wp-json\/wp\/v2\/media?parent=12908"}],"wp:term":[{"taxonomy":"category","embeddable":true,"href":"https:\/\/hostnetart.com.br\/baixada\/wp-json\/wp\/v2\/categories?post=12908"},{"taxonomy":"post_tag","embeddable":true,"href":"https:\/\/hostnetart.com.br\/baixada\/wp-json\/wp\/v2\/tags?post=12908"}],"curies":[{"name":"wp","href":"https:\/\/api.w.org\/{rel}","templated":true}]}}