{"id":12906,"date":"2022-07-29T20:32:02","date_gmt":"2022-07-29T23:32:02","guid":{"rendered":"https:\/\/hostnetart.com.br\/baixada\/bb-avanca-negociacao-para-coibir-uso-indiscriminado-de-terceirizados\/"},"modified":"2022-07-29T20:32:02","modified_gmt":"2022-07-29T23:32:02","slug":"bb-avanca-negociacao-para-coibir-uso-indiscriminado-de-terceirizados","status":"publish","type":"post","link":"https:\/\/hostnetart.com.br\/baixada\/bb-avanca-negociacao-para-coibir-uso-indiscriminado-de-terceirizados\/","title":{"rendered":"BB: avan\u00e7a negocia\u00e7\u00e3o para coibir uso indiscriminado de terceirizados"},"content":{"rendered":"<p>O Banco do Brasil se comprometeu a enviar, na segunda-feira, 1\u00ba de agosto, um comunicado \u00e0s unidades de todo o pa\u00eds, refor\u00e7ando que o uso das depend\u00eancias do BB por correspondentes banc\u00e1rios (coban) \u00e9 expressamente proibido pela Resolu\u00e7\u00e3o 4.935 do Banco Central (Bacen).<\/p>\n<p>A den\u00fancia de uso indiscriminado de agentes coban no lugar de funcion\u00e1rios concursados foi feita pela Comiss\u00e3o de Empresa dos Funcion\u00e1rios do Banco do Brasil (CEBB) na reuni\u00e3o de quarta-feira (27), sobre Emprego e Terceiriza\u00e7\u00e3o. \u201cEstamos assistindo a um aumento de gerentes utilizando servi\u00e7os de coban, geralmente em ag\u00eancias de grande lota\u00e7\u00e3o de p\u00fablico\u201d, destacou o coordenador da CEBB, Jo\u00e3o Fukunaga, na ocasi\u00e3o.<\/p>\n<p>Na mesa de negocia\u00e7\u00f5es que ocorreu nesta sexta-feira (29), o banco retomou o assunto, acolhendo novas den\u00fancias.\u00a0 \u201c\u00c9 um avan\u00e7o para os trabalhadores, essa resposta r\u00e1pida do banco\u201d, ponderou Fukunaga. \u201cN\u00f3s avaliamos que o uso indiscriminado de coban em fun\u00e7\u00f5es que s\u00e3o dos trabalhadores concursados \u00e9 um fen\u00f4meno ligado \u00e0 falta de m\u00e3o de obra e, por isso, mantemos nossa cobran\u00e7a por mais contrata\u00e7\u00f5es e fim de terceiriza\u00e7\u00f5es\u201d, pontuou.<\/p>\n<p><strong>Fonte: Contraf-CUT<\/strong><\/p>\n<p><em>*arte extra\u00edda do site do Sindicato dos Banc\u00e1rios de SP<\/em><\/p>\n","protected":false},"excerpt":{"rendered":"<p>O Banco do Brasil se comprometeu a enviar, na segunda-feira, 1\u00ba de agosto, um comunicado \u00e0s unidades de todo o pa\u00eds, refor\u00e7ando que o uso das depend\u00eancias do BB por correspondentes banc\u00e1rios (coban) \u00e9 expressamente proibido pela Resolu\u00e7\u00e3o 4.935 do Banco Central (Bacen). A den\u00fancia de uso indiscriminado de agentes coban no lugar de funcion\u00e1rios [&hellip;]<\/p>\n","protected":false},"author":2,"featured_media":12905,"comment_status":"","ping_status":"","sticky":false,"template":"","format":"standard","meta":{"footnotes":""},"categories":[3],"tags":[],"class_list":["post-12906","post","type-post","status-publish","format-standard","has-post-thumbnail","hentry","category-noticias"],"_links":{"self":[{"href":"https:\/\/hostnetart.com.br\/baixada\/wp-json\/wp\/v2\/posts\/12906","targetHints":{"allow":["GET"]}}],"collection":[{"href":"https:\/\/hostnetart.com.br\/baixada\/wp-json\/wp\/v2\/posts"}],"about":[{"href":"https:\/\/hostnetart.com.br\/baixada\/wp-json\/wp\/v2\/types\/post"}],"author":[{"embeddable":true,"href":"https:\/\/hostnetart.com.br\/baixada\/wp-json\/wp\/v2\/users\/2"}],"replies":[{"embeddable":true,"href":"https:\/\/hostnetart.com.br\/baixada\/wp-json\/wp\/v2\/comments?post=12906"}],"version-history":[{"count":0,"href":"https:\/\/hostnetart.com.br\/baixada\/wp-json\/wp\/v2\/posts\/12906\/revisions"}],"wp:featuredmedia":[{"embeddable":true,"href":"https:\/\/hostnetart.com.br\/baixada\/wp-json\/wp\/v2\/media\/12905"}],"wp:attachment":[{"href":"https:\/\/hostnetart.com.br\/baixada\/wp-json\/wp\/v2\/media?parent=12906"}],"wp:term":[{"taxonomy":"category","embeddable":true,"href":"https:\/\/hostnetart.com.br\/baixada\/wp-json\/wp\/v2\/categories?post=12906"},{"taxonomy":"post_tag","embeddable":true,"href":"https:\/\/hostnetart.com.br\/baixada\/wp-json\/wp\/v2\/tags?post=12906"}],"curies":[{"name":"wp","href":"https:\/\/api.w.org\/{rel}","templated":true}]}}