{"id":12904,"date":"2022-07-29T20:30:14","date_gmt":"2022-07-29T23:30:14","guid":{"rendered":"https:\/\/hostnetart.com.br\/baixada\/funcionarios-do-bb-cobram-portas-giratorias-e-vigilantes-em-todas-as-unidades\/"},"modified":"2022-07-29T20:30:14","modified_gmt":"2022-07-29T23:30:14","slug":"funcionarios-do-bb-cobram-portas-giratorias-e-vigilantes-em-todas-as-unidades","status":"publish","type":"post","link":"https:\/\/hostnetart.com.br\/baixada\/funcionarios-do-bb-cobram-portas-giratorias-e-vigilantes-em-todas-as-unidades\/","title":{"rendered":"Funcion\u00e1rios do BB cobram portas girat\u00f3rias e vigilantes em todas as unidades"},"content":{"rendered":"<p>Os funcion\u00e1rios do Banco do Brasil n\u00e3o abrem m\u00e3o de portas girat\u00f3rias e de vigilantes nas ag\u00eancias, independente do modelo de neg\u00f3cios. A reivindica\u00e7\u00e3o contra o enfraquecimento do sistema de seguran\u00e7a, especialmente nas chamadas \u201cag\u00eancias conceito\u201d ou \u201clojas\u201d do BB foi destaque da mesa de negocia\u00e7\u00e3o sobre Seguran\u00e7a Banc\u00e1ria, que aconteceu na manh\u00e3 desta sexta-feira (29), entre Comiss\u00e3o de Empresa dos Funcion\u00e1rios do Banco do Brasil (CEBB) e o banco.<\/p>\n<p>\u201cO banco argumenta que, no modelo das lojas, n\u00e3o h\u00e1 transa\u00e7\u00e3o suficiente de dinheiro que justifique a instala\u00e7\u00e3o de portas girat\u00f3rias e contrata\u00e7\u00e3o de vigilantes. Mas n\u00f3s n\u00e3o temos que olhar apenas a perspectiva da seguran\u00e7a patrimonial. Para o p\u00fablico em geral, a loja n\u00e3o deixa de ser um banco\u201d, destacou o coordenador da CEBB, Jo\u00e3o Fukunaga. \u201cMe pergunto, portanto, se quando um cliente ou funcion\u00e1rio for agredido ou tiver seus bens furtados dentro das depend\u00eancias do BB, de quem ser\u00e1 a responsabilidade? O banco quer correr esse risco jur\u00eddico?\u201d, completou.<\/p>\n<p>A diretora da Federa\u00e7\u00e3o dos Trabalhadores do Ramo Financeiro do Rio Grande do Sul (Fetrafi-RS), Priscila Aguirres, trouxe \u00e0 mesa caso recente de Porto Alegre. \u201cFoi na loja da Pra\u00e7a da Alf\u00e2ndega, que tem apenas quatro funcion\u00e1rios, al\u00e9m do gestor. Um morador de rua entrou no espa\u00e7o e ficou gritando, exigindo atendimento. O gestor tentou atend\u00ea-lo, mas o homem continuou a gritar e n\u00e3o conseguia se fazer entender. Conforme o tempo ia passando, a situa\u00e7\u00e3o causando mais tens\u00e3o e medo entre os clientes e funcion\u00e1rios. A pol\u00edcia foi acionada, mas demorou uma hora para chegar e retirar o morador de rua do local\u201d.<\/p>\n<p>Get\u00falio Maciel, representante da Fetec-CUT\/SP na CEBB, observou que faltam ao BB bases t\u00e9cnicas para justificar a retirada de portas girat\u00f3rias e de vigilantes nas ag\u00eancias. \u201cDou como exemplo da ag\u00eancia da Vila Mariana, transformada em loja. A seguran\u00e7a p\u00fablica de S\u00e3o Paulo aponta que, neste ano, houve aumento de 67% do n\u00famero de furtos e crimes na regi\u00e3o\u201d, relatou. \u201cSe \u00e9 economia que o banco procura, esse tipo de economia me parece pouco inteligente. O mesmo banco que comemora lucros fant\u00e1sticos est\u00e1 colocando vidas em risco e esse \u00e9 nosso mote nesta reuni\u00e3o\u201d, prosseguiu.<\/p>\n<p>A representante dos trabalhadores do BB do Rio de Janeiro e Esp\u00edrito Santo na CEBB, Goretti Barone, arrematou: \u201cA fun\u00e7\u00e3o do vigilante \u00e9 fundamental. Ele \u00e9 treinado para prestar aten\u00e7\u00e3o em situa\u00e7\u00f5es de seguran\u00e7a. Ao contr\u00e1rio dos funcion\u00e1rios, que precisam estar atentos ao atendimento\u201d.<\/p>\n<p>Desta forma, os trabalhadores conclu\u00edram que a redu\u00e7\u00e3o dos mecanismos de seguran\u00e7a nas ag\u00eancias atinge o debate sobre a sa\u00fade e condi\u00e7\u00f5es de trabalho, especificamente a sa\u00fade mental dos funcion\u00e1rios do BB, pelo aumento da inseguran\u00e7a no ambiente de trabalho.<\/p>\n<h3><strong>Negocia\u00e7\u00f5es n\u00e3o avan\u00e7am<\/strong><\/h3>\n<p>Os representantes da empresa insistiram que a \u201catualiza\u00e7\u00e3o\u201d do esquema de seguran\u00e7a nas lojas BB responde \u00e0s \u201cnovas tecnologias\u201d, seguindo o encaminhamento da Federa\u00e7\u00e3o Nacional dos Bancos (Fenaban) que<a href=\"https:\/\/contrafcut.com.br\/noticias\/negociacoes-sobre-seguranca-bancaria-nao-avancam\/\" target=\"_blank\" rel=\"noopener noreferrer\">, na \u00faltima reuni\u00e3o, se negou a atender \u00e0s reivindica\u00e7\u00f5es dos banc\u00e1rios de recompor os sistemas de seguran\u00e7a e vigil\u00e2ncia<\/a>.<\/p>\n<p>Sobre os demais temas colocados na mesa, o banco disse que ir\u00e1 analisar as exig\u00eancias dos trabalhadores e trazer seu posicionamento nos pr\u00f3ximos encontros.\u00a0<\/p>\n<h3><strong>Pr\u00f3ximas reuni\u00f5es<\/strong><\/h3>\n<p>Ter\u00e7a-feira \u2013 2 de agosto \u2013 Cl\u00e1usulas sociais<br \/>Quinta-feira \u2013 4 de agosto \u2013 Teletrabalho<br \/>Ter\u00e7a-feira \u2013 9 de agosto \u2013 Sa\u00fade e Condi\u00e7\u00f5es de Trabalho<br \/>Sexta-feira \u2013 12 de agosto \u2013 Cl\u00e1usulas Econ\u00f4micas<br \/>Quarta-feira \u2013 17 de agosto \u2013 Representa\u00e7\u00e3o<\/p>\n<p><strong>Fonte: Contraf-CUT<\/strong><\/p>\n","protected":false},"excerpt":{"rendered":"<p>Os funcion\u00e1rios do Banco do Brasil n\u00e3o abrem m\u00e3o de portas girat\u00f3rias e de vigilantes nas ag\u00eancias, independente do modelo de neg\u00f3cios. A reivindica\u00e7\u00e3o contra o enfraquecimento do sistema de seguran\u00e7a, especialmente nas chamadas \u201cag\u00eancias conceito\u201d ou \u201clojas\u201d do BB foi destaque da mesa de negocia\u00e7\u00e3o sobre Seguran\u00e7a Banc\u00e1ria, que aconteceu na manh\u00e3 desta sexta-feira [&hellip;]<\/p>\n","protected":false},"author":2,"featured_media":12903,"comment_status":"","ping_status":"","sticky":false,"template":"","format":"standard","meta":{"footnotes":""},"categories":[3],"tags":[],"class_list":["post-12904","post","type-post","status-publish","format-standard","has-post-thumbnail","hentry","category-noticias"],"_links":{"self":[{"href":"https:\/\/hostnetart.com.br\/baixada\/wp-json\/wp\/v2\/posts\/12904","targetHints":{"allow":["GET"]}}],"collection":[{"href":"https:\/\/hostnetart.com.br\/baixada\/wp-json\/wp\/v2\/posts"}],"about":[{"href":"https:\/\/hostnetart.com.br\/baixada\/wp-json\/wp\/v2\/types\/post"}],"author":[{"embeddable":true,"href":"https:\/\/hostnetart.com.br\/baixada\/wp-json\/wp\/v2\/users\/2"}],"replies":[{"embeddable":true,"href":"https:\/\/hostnetart.com.br\/baixada\/wp-json\/wp\/v2\/comments?post=12904"}],"version-history":[{"count":0,"href":"https:\/\/hostnetart.com.br\/baixada\/wp-json\/wp\/v2\/posts\/12904\/revisions"}],"wp:featuredmedia":[{"embeddable":true,"href":"https:\/\/hostnetart.com.br\/baixada\/wp-json\/wp\/v2\/media\/12903"}],"wp:attachment":[{"href":"https:\/\/hostnetart.com.br\/baixada\/wp-json\/wp\/v2\/media?parent=12904"}],"wp:term":[{"taxonomy":"category","embeddable":true,"href":"https:\/\/hostnetart.com.br\/baixada\/wp-json\/wp\/v2\/categories?post=12904"},{"taxonomy":"post_tag","embeddable":true,"href":"https:\/\/hostnetart.com.br\/baixada\/wp-json\/wp\/v2\/tags?post=12904"}],"curies":[{"name":"wp","href":"https:\/\/api.w.org\/{rel}","templated":true}]}}