{"id":12900,"date":"2022-07-29T16:04:52","date_gmt":"2022-07-29T19:04:52","guid":{"rendered":"https:\/\/hostnetart.com.br\/baixada\/negociacoes-sobre-seguranca-bancaria-nao-avancam\/"},"modified":"2022-07-29T16:04:52","modified_gmt":"2022-07-29T19:04:52","slug":"negociacoes-sobre-seguranca-bancaria-nao-avancam","status":"publish","type":"post","link":"https:\/\/hostnetart.com.br\/baixada\/negociacoes-sobre-seguranca-bancaria-nao-avancam\/","title":{"rendered":"Negocia\u00e7\u00f5es sobre seguran\u00e7a banc\u00e1ria n\u00e3o avan\u00e7am"},"content":{"rendered":"<p>O Comando Nacional dos Banc\u00e1rios se reuniu, nesta \u00faltima quinta-feira (28), com a Federa\u00e7\u00e3o Nacional dos Bancos (Fenaban), para dar continuidade \u00e0s negocia\u00e7\u00f5es da Campanha Nacional dos Banc\u00e1rios 2022.\u00a0O tema foi\u00a0seguran\u00e7a nos bancos.<\/p>\n<p>A Fenaban alega que houve redu\u00e7\u00e3o de 98,5% no n\u00famero de assaltos a ag\u00eancias e postos banc\u00e1rios de 2000 a 2021 e prop\u00f5e que a representa\u00e7\u00e3o dos trabalhadores se juntem aos bancos e atuem contra as normas estaduais e municipais de seguran\u00e7a, que exijam aparatos de seguran\u00e7a al\u00e9m dos previstos na Lei 7.102\/1983, que regulamenta a seguran\u00e7a banc\u00e1ria.<\/p>\n<p>&#8220;Os bancos condicionam a seguran\u00e7a das ag\u00eancias com as metas. Por exemplo, quanto mais vigilantes, mais metas. Um absurdo! Seguran\u00e7a \u00e9 investimento e condi\u00e7\u00f5es de trabalho&#8221;, declarou\u00a0Max Bezerra,\u00a0Secret\u00e1rio Geral da\u00a0Federac\u0327a\u0303o dos Trabalhadores do Ramo Financeiro dos Estados do Rio de Janeiro e Espi\u0301rito Santo (Fetraf RJ\/ES), e que representou a entidade na reuni\u00e3o.<\/p>\n<p>Segundo dados dos bancos, em 2021, apenas 3% das transa\u00e7\u00f5es banc\u00e1rias foram realizadas em ag\u00eancias banc\u00e1rias e, por isso, n\u00e3o h\u00e1 porque fazer tanto alarde na retirada de portas de seguran\u00e7as e vigilantes das ag\u00eancias. Mas, um levantamento do Departamento Intersindical de Estat\u00edstica e Estudos Socioecon\u00f4micos (Dieese), aponta que, ainda que em n\u00fameros relativos as transa\u00e7\u00f5es via ag\u00eancias tenham perdido espa\u00e7o, 48% delas s\u00e3o com movimenta\u00e7\u00e3o financeira e que isso demonstra a import\u00e2ncia de haver sistemas de seguran\u00e7a e vigilantes em qualquer tipo de ag\u00eancia banc\u00e1ria.<\/p>\n<p>A Fenaban tamb\u00e9m recusou a proposta de cria\u00e7\u00e3o do GT e disse que est\u00e1 aberta a debater o tema at\u00e9 o final de agosto e, caso contr\u00e1rio, assumir\u00e1 a responsabilidade por tocar a pauta de acordo com seus interesses.<\/p>\n<p>A pr\u00f3xima reuni\u00e3o de negocia\u00e7\u00f5es entre o Comando Nacional dos Banc\u00e1rios e a Fenaban est\u00e1 marcada para segunda-feira (1\u00ba de agosto) para debater sobre sa\u00fade e condi\u00e7\u00f5es de trabalho.<\/p>\n<p><strong>Fonte: Contraf-CUT<\/strong><\/p>\n","protected":false},"excerpt":{"rendered":"<p>O Comando Nacional dos Banc\u00e1rios se reuniu, nesta \u00faltima quinta-feira (28), com a Federa\u00e7\u00e3o Nacional dos Bancos (Fenaban), para dar continuidade \u00e0s negocia\u00e7\u00f5es da Campanha Nacional dos Banc\u00e1rios 2022.\u00a0O tema foi\u00a0seguran\u00e7a nos bancos. A Fenaban alega que houve redu\u00e7\u00e3o de 98,5% no n\u00famero de assaltos a ag\u00eancias e postos banc\u00e1rios de 2000 a 2021 e [&hellip;]<\/p>\n","protected":false},"author":2,"featured_media":12899,"comment_status":"","ping_status":"","sticky":false,"template":"","format":"standard","meta":{"footnotes":""},"categories":[3],"tags":[],"class_list":["post-12900","post","type-post","status-publish","format-standard","has-post-thumbnail","hentry","category-noticias"],"_links":{"self":[{"href":"https:\/\/hostnetart.com.br\/baixada\/wp-json\/wp\/v2\/posts\/12900","targetHints":{"allow":["GET"]}}],"collection":[{"href":"https:\/\/hostnetart.com.br\/baixada\/wp-json\/wp\/v2\/posts"}],"about":[{"href":"https:\/\/hostnetart.com.br\/baixada\/wp-json\/wp\/v2\/types\/post"}],"author":[{"embeddable":true,"href":"https:\/\/hostnetart.com.br\/baixada\/wp-json\/wp\/v2\/users\/2"}],"replies":[{"embeddable":true,"href":"https:\/\/hostnetart.com.br\/baixada\/wp-json\/wp\/v2\/comments?post=12900"}],"version-history":[{"count":0,"href":"https:\/\/hostnetart.com.br\/baixada\/wp-json\/wp\/v2\/posts\/12900\/revisions"}],"wp:featuredmedia":[{"embeddable":true,"href":"https:\/\/hostnetart.com.br\/baixada\/wp-json\/wp\/v2\/media\/12899"}],"wp:attachment":[{"href":"https:\/\/hostnetart.com.br\/baixada\/wp-json\/wp\/v2\/media?parent=12900"}],"wp:term":[{"taxonomy":"category","embeddable":true,"href":"https:\/\/hostnetart.com.br\/baixada\/wp-json\/wp\/v2\/categories?post=12900"},{"taxonomy":"post_tag","embeddable":true,"href":"https:\/\/hostnetart.com.br\/baixada\/wp-json\/wp\/v2\/tags?post=12900"}],"curies":[{"name":"wp","href":"https:\/\/api.w.org\/{rel}","templated":true}]}}