{"id":1290,"date":"2013-08-13T00:00:00","date_gmt":"2013-08-13T03:00:00","guid":{"rendered":"https:\/\/hostnetart.com.br\/baixada\/cut-ocupa-o-congresso-nacional-nesta-terca-e-quarta-contra-terceirizacao\/"},"modified":"2013-08-13T00:00:00","modified_gmt":"2013-08-13T03:00:00","slug":"cut-ocupa-o-congresso-nacional-nesta-terca-e-quarta-contra-terceirizacao","status":"publish","type":"post","link":"https:\/\/hostnetart.com.br\/baixada\/cut-ocupa-o-congresso-nacional-nesta-terca-e-quarta-contra-terceirizacao\/","title":{"rendered":"CUT ocupa o Congresso Nacional nesta ter\u00e7a e quarta contra terceiriza\u00e7\u00e3o"},"content":{"rendered":"<p>Milhares de trabalhadores e dirigentes de entidades sindicais da CUT e outras centrais sindicais de todo o pa\u00eds, dentre eles centenas de banc\u00e1rios, j\u00e1 est\u00e3o em Bras\u00edlia, mobilizados para ocupar o complexo do Congresso Nacional, para convencer os parlamentares da Comiss\u00e3o de Constitui\u00e7\u00e3o, Justi\u00e7a e Cidadania (CCJC) a votarem contra o PL 4330, que legaliza a terceiriza\u00e7\u00e3o e abre as portas para a precariza\u00e7\u00e3o do trabalho em todo o pa\u00eds. O projeto deve ser colocado em vota\u00e7\u00e3o nesta quarta-feira 14.<\/p>\n<p>\u00a0<br \/>A avenida das Na\u00e7\u00f5es, importante acesso ao Plano Piloto da capital, amanheceu bloqueada por manifestantes nesta ter\u00e7a-feira 13, em protesto \u00e0 vota\u00e7\u00e3o do PL 4330.<\/p>\n<p>\u00a0<br \/>Distribu\u00eddos por Estado, mais de 300 banc\u00e1rios de todas as regi\u00f5es do pa\u00eds est\u00e3o no Anexo 4 da C\u00e2mara dos Deputados, tentando convencer os parlamentares de suas regi\u00f5es a votarem contra o projeto que institui a precariza\u00e7\u00e3o do trabalho no pa\u00eds.<\/p>\n<p>\u00a0<br \/>\u00c0s 14h, parte dos militantes ocupar\u00e1 a CCJC. A ideia \u00e9 permanecer em vig\u00edlia at\u00e9 esta quarta, dia prov\u00e1vel da vota\u00e7\u00e3o.<\/p>\n<p>\u00a0<br \/>A CUT Nacional montou um verdadeiro acampamento em frente ao Congresso Nacional, com tendas para o apoio log\u00edstico \u00e0s delega\u00e7\u00f5es dos Estados<\/p>\n<p>\u00a0<br \/><strong>Luta em duas frentes<\/strong><\/p>\n<p>\u00a0<br \/>A CUT come\u00e7ou esta semana lutando ao mesmo tempo em duas frentes contra o PL 4330, da terceiriza\u00e7\u00e3o. Na tarde desta segunda-feira (12), voltou \u00e0 mesa de negocia\u00e7\u00e3o em Bras\u00edlia (reuni\u00e3o em andamento) com as demais centrais, governo federal, deputados e empres\u00e1rios. Nesta ter\u00e7a-feira (13), inicia vig\u00edlia no Congresso Nacional para pressionar deputados a n\u00e3o aprovar o projeto.<\/p>\n<p>\u00a0<br \/>A reuni\u00e3o anterior da mesa que negocia o PL 4330 aconteceu na segunda-feira passada (5) e teve, pela primeira vez, proposta completa apresentada pelo governo. Por conta disso, as centrais pediram mais tempo para analisar o texto, mas o restante da mesa discordou e manteve decis\u00e3o anterior de que a \u00faltima reuni\u00e3o do grupo seria realizada nesta segunda-feira.<\/p>\n<p>\u00a0<br \/><strong>Press\u00e3o<\/strong><\/p>\n<p>\u00a0<br \/>Com a forte possibilidade de o PL 4330 ser colocado em vota\u00e7\u00e3o na Comiss\u00e3o de Constitui\u00e7\u00e3o e Justi\u00e7a e de Cidadania (CCJC) da C\u00e2mara, a CUT, al\u00e9m de prosseguir com as negocia\u00e7\u00f5es, decidiu tamb\u00e9m mobilizar seus dirigentes e militantes para pressionar os deputados. No dia 6 foi realizado um dia nacional de mobiliza\u00e7\u00f5es, com atos em todo o Pa\u00eds em frente \u00e0s federa\u00e7\u00f5es patronais.<\/p>\n<p>\u00a0<br \/>De autoria do deputado Sandro Mabel, a projeto que precariza ainda mais a vida dos trabalhadores terceirizados j\u00e1 recebeu aval do relator do texto na CCJC, o deputado Arthur Maia (PMDB-BA), e apenas aguarda a vota\u00e7\u00e3o.<\/p>\n<p>\u00a0<br \/><strong>Enfrentamento\u00a0<\/strong><\/p>\n<p>\u00a0<\/p>\n<p>\u201cA CUT permanecer\u00e1 na mesa de negocia\u00e7\u00e3o para tentar construir um acordo capaz de regulamentar a terceiriza\u00e7\u00e3o sem que isso seja sin\u00f4nimo de precariza\u00e7\u00e3o, redu\u00e7\u00e3o de direitos, de sal\u00e1rios e enfraquecimento da representa\u00e7\u00e3o sindical. Mas tamb\u00e9m faremos o enfrentamento colocando nossos militantes em Bras\u00edlia para impedir que um texto com uma s\u00e9rie de ataques aos trabalhadores seja votado e aprovado\u201d, diz o presidente nacional da CUT, Vagner Freitas.<\/p>\n<p>\u00a0<\/p>\n<p>\u201cDa maneira como est\u00e1, o projeto traz a desorganiza\u00e7\u00e3o sindical, a redu\u00e7\u00e3o de sal\u00e1rio dos trabalhadores, a retirada de conquistas sociais. E isso n\u00e3o aceitaremos. Vamos apostar sempre na negocia\u00e7\u00e3o, por isso continuaremos o debate nesta segunda-feira, mas temos de ampliar a mobiliza\u00e7\u00e3o dos nossos ramos e estaduais para pressionar e lembrar os deputados que eles foram eleitos para representar o povo brasileiro.\u201d, afirma o secret\u00e1rio-geral da CUT Nacional, S\u00e9rgio Nobre.<\/p>\n<p>\u00a0<\/p>\n<p>\u00a0<\/p>\n<p><strong>Raio-X<\/strong><\/p>\n<p>\u00a0<\/p>\n<p>O trabalhador terceirizado permanece 2,6 anos a menos no emprego, tem uma jornada semanal de tr\u00eas horas a mais e ganha 27% a menos que o contratado de forma direta, de acordo com um estudo de 2011 da CUT e do Departamento Intersindical de Estat\u00edsticas e Estudos Socioecon\u00f4micos (Dieese).<\/p>\n<p>\u00a0<\/p>\n<p>Mas nenhum n\u00famero \u00e9 t\u00e3o revelador da precariedade imposta pelos patr\u00f5es aos terceirizados: a cada dez acidentes de trabalho, oito ocorrem entre terceirizados.<\/p>\n<p>\u00a0<\/p>\n<p>No Brasil, h\u00e1 entre 12 e 13 milh\u00f5es de terceirizados segundo diferentes fontes (n\u00e3o h\u00e1 dados oficiais), mas esse n\u00famero pode ser bem maior. O total equivale a 25% do total de trabalhadores com carteira assinada no Pa\u00eds.<\/p>\n<p>\u00a0<br \/>Fonte: Contraf-CUT, com CUT<\/p>\n","protected":false},"excerpt":{"rendered":"<p>Milhares de trabalhadores e dirigentes de entidades sindicais da CUT e outras centrais sindicais de todo o pa\u00eds, dentre eles centenas de banc\u00e1rios, j\u00e1 est\u00e3o em Bras\u00edlia, mobilizados para ocupar o complexo do Congresso Nacional, para convencer os parlamentares da Comiss\u00e3o de Constitui\u00e7\u00e3o, Justi\u00e7a e Cidadania (CCJC) a votarem contra o PL 4330, que legaliza [&hellip;]<\/p>\n","protected":false},"author":1,"featured_media":0,"comment_status":"","ping_status":"","sticky":false,"template":"","format":"standard","meta":{"footnotes":""},"categories":[3],"tags":[],"class_list":["post-1290","post","type-post","status-publish","format-standard","hentry","category-noticias"],"_links":{"self":[{"href":"https:\/\/hostnetart.com.br\/baixada\/wp-json\/wp\/v2\/posts\/1290","targetHints":{"allow":["GET"]}}],"collection":[{"href":"https:\/\/hostnetart.com.br\/baixada\/wp-json\/wp\/v2\/posts"}],"about":[{"href":"https:\/\/hostnetart.com.br\/baixada\/wp-json\/wp\/v2\/types\/post"}],"author":[{"embeddable":true,"href":"https:\/\/hostnetart.com.br\/baixada\/wp-json\/wp\/v2\/users\/1"}],"replies":[{"embeddable":true,"href":"https:\/\/hostnetart.com.br\/baixada\/wp-json\/wp\/v2\/comments?post=1290"}],"version-history":[{"count":0,"href":"https:\/\/hostnetart.com.br\/baixada\/wp-json\/wp\/v2\/posts\/1290\/revisions"}],"wp:attachment":[{"href":"https:\/\/hostnetart.com.br\/baixada\/wp-json\/wp\/v2\/media?parent=1290"}],"wp:term":[{"taxonomy":"category","embeddable":true,"href":"https:\/\/hostnetart.com.br\/baixada\/wp-json\/wp\/v2\/categories?post=1290"},{"taxonomy":"post_tag","embeddable":true,"href":"https:\/\/hostnetart.com.br\/baixada\/wp-json\/wp\/v2\/tags?post=1290"}],"curies":[{"name":"wp","href":"https:\/\/api.w.org\/{rel}","templated":true}]}}