{"id":12898,"date":"2022-07-28T20:35:32","date_gmt":"2022-07-28T23:35:32","guid":{"rendered":"https:\/\/hostnetart.com.br\/baixada\/itau-se-compromete-a-nao-demitir-durante-a-vigencia-da-cct\/"},"modified":"2022-07-28T20:35:32","modified_gmt":"2022-07-28T23:35:32","slug":"itau-se-compromete-a-nao-demitir-durante-a-vigencia-da-cct","status":"publish","type":"post","link":"https:\/\/hostnetart.com.br\/baixada\/itau-se-compromete-a-nao-demitir-durante-a-vigencia-da-cct\/","title":{"rendered":"Ita\u00fa se compromete a n\u00e3o demitir durante a vig\u00eancia da CCT"},"content":{"rendered":"<p>Ap\u00f3s o Dia Nacional de Luta contra demiss\u00f5es, fechamento de postos de trabalho e ass\u00e9dio moral e sexual no Ita\u00fa, no dia 14 de julho, al\u00e9m de outros protestos e paralisa\u00e7\u00f5es no dia 15, o banco estendeu o prazo para realoca\u00e7\u00e3o dos trabalhadores.<\/p>\n<p>No dia 4 de julho o banco anunciou a automa\u00e7\u00e3o da Diretoria de Opera\u00e7\u00f5es Centralizadas e da Diretoria de Neg\u00f3cios ItauCred Ve\u00edculos, processo que estava gerando muita demiss\u00e3o. O banco tinha dado o prazo de apenas 15 dias para a \u00e1rea de consignado e 60 dias para \u00e1rea de ve\u00edculos realizarem a realoca\u00e7\u00e3o dos funcion\u00e1rios.<\/p>\n<p>Nesse per\u00edodo, o banc\u00e1rio teria que se candidatar a uma vaga e passar por processo seletivo e ser transferido apenas se houvesse vagas dispon\u00edveis. \u201cEssa medida desumana, que j\u00e1 vinha sendo executada pelo banco, tinha que ser barrada\u201d, disse Jair Alves, da Comiss\u00e3o de Organiza\u00e7\u00e3o dos Empregados (COE) do banco.<\/p>\n<p>O tema foi debatido em reuni\u00e3o entre representantes da categoria e a Diretoria de RH do banco, no dia 22, quando foi solicitado que as demiss\u00f5es fossem suspensas durante as negocia\u00e7\u00f5es da Campanha Nacional 2022. A resposta veio na segunda-feira (25), com a garantia de que n\u00e3o haver\u00e1 desligamentos at\u00e9 o fim da vig\u00eancia da Conven\u00e7\u00e3o Coletiva de Trabalho (CCT), que ocorre em 31 de agosto. Ficam fora do acordo, demiss\u00f5es por justa causa, recomenda\u00e7\u00e3o do Ombudsman e da Inspetoria, al\u00e9m de casos de aposentadoria a pedido. As negocia\u00e7\u00f5es ser\u00e3o retomadas em setembro.<\/p>\n<p><strong>Fonte: Contraf-CUT<\/strong><\/p>\n","protected":false},"excerpt":{"rendered":"<p>Ap\u00f3s o Dia Nacional de Luta contra demiss\u00f5es, fechamento de postos de trabalho e ass\u00e9dio moral e sexual no Ita\u00fa, no dia 14 de julho, al\u00e9m de outros protestos e paralisa\u00e7\u00f5es no dia 15, o banco estendeu o prazo para realoca\u00e7\u00e3o dos trabalhadores. No dia 4 de julho o banco anunciou a automa\u00e7\u00e3o da Diretoria [&hellip;]<\/p>\n","protected":false},"author":2,"featured_media":12897,"comment_status":"","ping_status":"","sticky":false,"template":"","format":"standard","meta":{"footnotes":""},"categories":[3],"tags":[],"class_list":["post-12898","post","type-post","status-publish","format-standard","has-post-thumbnail","hentry","category-noticias"],"_links":{"self":[{"href":"https:\/\/hostnetart.com.br\/baixada\/wp-json\/wp\/v2\/posts\/12898","targetHints":{"allow":["GET"]}}],"collection":[{"href":"https:\/\/hostnetart.com.br\/baixada\/wp-json\/wp\/v2\/posts"}],"about":[{"href":"https:\/\/hostnetart.com.br\/baixada\/wp-json\/wp\/v2\/types\/post"}],"author":[{"embeddable":true,"href":"https:\/\/hostnetart.com.br\/baixada\/wp-json\/wp\/v2\/users\/2"}],"replies":[{"embeddable":true,"href":"https:\/\/hostnetart.com.br\/baixada\/wp-json\/wp\/v2\/comments?post=12898"}],"version-history":[{"count":0,"href":"https:\/\/hostnetart.com.br\/baixada\/wp-json\/wp\/v2\/posts\/12898\/revisions"}],"wp:featuredmedia":[{"embeddable":true,"href":"https:\/\/hostnetart.com.br\/baixada\/wp-json\/wp\/v2\/media\/12897"}],"wp:attachment":[{"href":"https:\/\/hostnetart.com.br\/baixada\/wp-json\/wp\/v2\/media?parent=12898"}],"wp:term":[{"taxonomy":"category","embeddable":true,"href":"https:\/\/hostnetart.com.br\/baixada\/wp-json\/wp\/v2\/categories?post=12898"},{"taxonomy":"post_tag","embeddable":true,"href":"https:\/\/hostnetart.com.br\/baixada\/wp-json\/wp\/v2\/tags?post=12898"}],"curies":[{"name":"wp","href":"https:\/\/api.w.org\/{rel}","templated":true}]}}