{"id":12896,"date":"2022-07-28T20:33:20","date_gmt":"2022-07-28T23:33:20","guid":{"rendered":"https:\/\/hostnetart.com.br\/baixada\/funcionarios-do-bb-entregam-pauta-de-reinvindicacoes-a-cassi\/"},"modified":"2022-07-28T20:33:20","modified_gmt":"2022-07-28T23:33:20","slug":"funcionarios-do-bb-entregam-pauta-de-reinvindicacoes-a-cassi","status":"publish","type":"post","link":"https:\/\/hostnetart.com.br\/baixada\/funcionarios-do-bb-entregam-pauta-de-reinvindicacoes-a-cassi\/","title":{"rendered":"Funcion\u00e1rios do BB entregam pauta de reinvindica\u00e7\u00f5es \u00e0 Cassi"},"content":{"rendered":"<p>A Comiss\u00e3o Nacional dos Funcion\u00e1rios do Banco do Brasil (CEBB) entregou nesta quarta-feira (27) a pauta espec\u00edfica de reivindica\u00e7\u00f5es \u00e0 dire\u00e7\u00e3o da Cassi, como parte das negocia\u00e7\u00f5es da Campanha Nacional 2022. O documento foi elaborado coletivamente e aprovado durante o 33\u00ba Congresso Nacional dos Funcion\u00e1rios do Banco do Brasil, realizado em junho.<\/p>\n<p>Tamb\u00e9m nesta quarta-feira, a CEBB e a Confedera\u00e7\u00e3o Nacional dos Trabalhadores do Ramo Financeiro (Contraf-CUT) enviaram ao presidente da Caixa de Assist\u00eancia dos Funcion\u00e1rios, Clovis de Castro J\u00fanior, um of\u00edcio pedindo transpar\u00eancia e o retorno da publica\u00e7\u00e3o mensal dos resultados por planos da entidade.<\/p>\n<p>\u201cVimos relatar que no acompanhamento das publica\u00e7\u00f5es da Cassi constatamos que, at\u00e9 o m\u00eas de dezembro de 2021, eram publicados os resultados mensais, por plano, no Vis\u00e3o Cassi, em ambiente \u2018logado\u2019 do site, no qual constavam os demonstrativos consolidados dos Planos Associados, Cassi Fam\u00edlia e Essencial, como tamb\u00e9m os respectivos balancetes\u201d, diz o of\u00edcio assinado pelo coordenador da CEBB, Jo\u00e3o Fukunaga, e pela presidenta da Contraf, Juvandia Moreira. \u201cJ\u00e1 no corrente ano somente um banner foi publicado, no qual se apresenta o resultado do 1\u00ba trimestre, sem detalhamentos dos resultados segmentados de cada plano\u201d, continua o texto.<\/p>\n<p><a href=\"https:\/\/contrafcut.com.br\/noticias\/cassi-resultado-do-plano-associados-torna-urgente-mudancas-na-gestao\/\" target=\"_blank\" rel=\"noopener noreferrer\">Recente mat\u00e9ria publicada aqui no site da Contraf-CUT<\/a>\u00a0mostra que o Plano Associados da Cassi acumula, no primeiro quadrimestre de 2022, d\u00e9ficits operacional e l\u00edquido de R$ 118 milh\u00f5es e R$ 567 mil, respectivamente, com proje\u00e7\u00e3o para o ano de R$ 250 milh\u00f5es negativos, o que levar\u00e1 ao consumo de reservas da Cassi.<\/p>\n<p>\u201cN\u00f3s estamos cobrando do BB e da Cassi um posicionamento sobre esses n\u00fameros. Eles mostram, portanto, que, em anos anteriores, a Cassi s\u00f3 estava conseguindo cobrir as despesas administrativas do Plano Associados com o aux\u00edlio das receitas dos rendimentos das reservas e, em especial, pela taxa de administra\u00e7\u00e3o paga pelo BB, que acabou em dezembro de 2021, decorrente da reforma do Estatuto em 2019. Ou seja, se j\u00e1 era previsto que essa entrada era tempor\u00e1ria, por que a gest\u00e3o da entidade n\u00e3o se preparou para evitar esse desequil\u00edbrio? Esse \u00e9 o nosso questionamento\u201d, disse Fukunaga.<\/p>\n<h3><strong>PAF e PCMSO<\/strong><\/h3>\n<p>Os representantes dos trabalhadores reivindicam tamb\u00e9m a amplia\u00e7\u00e3o da lista de medicamentos do Programa de Assist\u00eancia Farmac\u00eautica (PAF) e do Programa de Controle M\u00e9dico de Sa\u00fade Ocupacional (PCMSO).<\/p>\n<h3><strong>Nova regra da ANS<\/strong><\/h3>\n<p>Os trabalhadores do BB tamb\u00e9m solicitam \u00e0 entidade um posicionamento sobre\u00a0<a href=\"https:\/\/contrafcut.com.br\/noticias\/funcionarios-do-bb-cobram-da-cassi-posicionamento-sobre-nova-regra-da-ans\/\" target=\"_blank\" rel=\"noopener noreferrer\">nova regra da Ag\u00eancia Nacional de Sa\u00fade Suplementar (ANS)<\/a>, que passa a valer a partir de 1\u00ba de agosto, determinando que os planos n\u00e3o poder\u00e3o mais limitar o n\u00famero de consultas e sess\u00f5es com psic\u00f3logos, fonoaudi\u00f3logos, terapeutas ocupacionais e fisioterapeutas.<\/p>\n<p>\u201cA categoria banc\u00e1ria est\u00e1 entre as mais afetadas por doen\u00e7as do trabalho, fen\u00f4meno intimamente relacionado \u00e0s press\u00f5es por metas, ac\u00famulos de fun\u00e7\u00f5es e a sobrecarga comuns \u00e0 atual rotina do banc\u00e1rio. Por isso, o fim da limita\u00e7\u00e3o do n\u00famero de consultas relacionadas \u00e0 sa\u00fade psicol\u00f3gica e aos tratamentos por les\u00f5es por esfor\u00e7o repetitivo e dist\u00farbios osteomusculares (LER\/DORT) sempre foi uma reivindica\u00e7\u00e3o nossa\u201d, destacou Fukunaga.<\/p>\n<p><strong>Fonte: Contraf-CUT<\/strong><\/p>\n","protected":false},"excerpt":{"rendered":"<p>A Comiss\u00e3o Nacional dos Funcion\u00e1rios do Banco do Brasil (CEBB) entregou nesta quarta-feira (27) a pauta espec\u00edfica de reivindica\u00e7\u00f5es \u00e0 dire\u00e7\u00e3o da Cassi, como parte das negocia\u00e7\u00f5es da Campanha Nacional 2022. O documento foi elaborado coletivamente e aprovado durante o 33\u00ba Congresso Nacional dos Funcion\u00e1rios do Banco do Brasil, realizado em junho. Tamb\u00e9m nesta quarta-feira, [&hellip;]<\/p>\n","protected":false},"author":2,"featured_media":12895,"comment_status":"","ping_status":"","sticky":false,"template":"","format":"standard","meta":{"footnotes":""},"categories":[3],"tags":[],"class_list":["post-12896","post","type-post","status-publish","format-standard","has-post-thumbnail","hentry","category-noticias"],"_links":{"self":[{"href":"https:\/\/hostnetart.com.br\/baixada\/wp-json\/wp\/v2\/posts\/12896","targetHints":{"allow":["GET"]}}],"collection":[{"href":"https:\/\/hostnetart.com.br\/baixada\/wp-json\/wp\/v2\/posts"}],"about":[{"href":"https:\/\/hostnetart.com.br\/baixada\/wp-json\/wp\/v2\/types\/post"}],"author":[{"embeddable":true,"href":"https:\/\/hostnetart.com.br\/baixada\/wp-json\/wp\/v2\/users\/2"}],"replies":[{"embeddable":true,"href":"https:\/\/hostnetart.com.br\/baixada\/wp-json\/wp\/v2\/comments?post=12896"}],"version-history":[{"count":0,"href":"https:\/\/hostnetart.com.br\/baixada\/wp-json\/wp\/v2\/posts\/12896\/revisions"}],"wp:featuredmedia":[{"embeddable":true,"href":"https:\/\/hostnetart.com.br\/baixada\/wp-json\/wp\/v2\/media\/12895"}],"wp:attachment":[{"href":"https:\/\/hostnetart.com.br\/baixada\/wp-json\/wp\/v2\/media?parent=12896"}],"wp:term":[{"taxonomy":"category","embeddable":true,"href":"https:\/\/hostnetart.com.br\/baixada\/wp-json\/wp\/v2\/categories?post=12896"},{"taxonomy":"post_tag","embeddable":true,"href":"https:\/\/hostnetart.com.br\/baixada\/wp-json\/wp\/v2\/tags?post=12896"}],"curies":[{"name":"wp","href":"https:\/\/api.w.org\/{rel}","templated":true}]}}