{"id":12894,"date":"2022-07-28T14:02:18","date_gmt":"2022-07-28T17:02:18","guid":{"rendered":"https:\/\/hostnetart.com.br\/baixada\/sindicato-dos-bancarios-de-angra-dos-reis-e-regiao-completa-34-anos\/"},"modified":"2022-07-28T14:02:18","modified_gmt":"2022-07-28T17:02:18","slug":"sindicato-dos-bancarios-de-angra-dos-reis-e-regiao-completa-34-anos","status":"publish","type":"post","link":"https:\/\/hostnetart.com.br\/baixada\/sindicato-dos-bancarios-de-angra-dos-reis-e-regiao-completa-34-anos\/","title":{"rendered":"Sindicato dos Banc\u00e1rios de Angra dos Reis e Regi\u00e3o completa 34 anos"},"content":{"rendered":"<p>O\u00a0Sindicato dos Banc\u00e1rios de Angra dos Reis e Regi\u00e3o,\u00a0filiado \u00e0 Federa\u00e7\u00e3o dos Trabalhadores do Ramo Financeiro dos Estados do Rio de Janeiro e Esp\u00edrito Santo (Fetraf-RJ\/ES), completa 34 anos de exist\u00eancia e muitas lutas, nesta quinta-feira, 28 de julho.<\/p>\n<p>HIST\u00d3RIA<\/p>\n<p>Fundado em 28 de julho de 1988, a entidade sindical\u00a0teve origem no Sindicato dos Banc\u00e1rios do Sul Fluminense, com sede em Barra Mansa, que mantinha, em Angra dos Reis e Itagua\u00ed, sub-sedes e diretores liberados para fazer o trabalho de base.<\/p>\n<p>Tendo em vista a dist\u00e2ncia da sede, banc\u00e1rias e banc\u00e1rios de Angra dos regi\u00e3o, tinham dificuldades de participar das assembleias e eventos em Barra Mansa. E manifestaram a vontade de se \u201cemancipar\u201d.<\/p>\n<p>A Diretoria do Sul Fluminense, com o apoio pol\u00edtico da Fetraf RJ\/ES, concordou com este desejo, levou \u00e0 proposta para uma assembleia, que aprovou.<\/p>\n<p>Assim, nasceu o Sindicato dos Banc\u00e1rios de Angra e Regi\u00e3o, com sede em Angra dos Reis e base territorial em Itagua\u00ed, Mangaratiba, Paraty e Serop\u00e9dica.<\/p>\n<p>O Sindicato filiou-se \u00e0 CUT em 1994, ap\u00f3s amplos debates com Trabalhadores e dos quais participaram representantes das principais correntes pol\u00edticas da Central.<\/p>\n<p>No dia 9 de novembro de 2012, foi inaugurada a Sede Administrativa. Pr\u00f3pria.<\/p>\n<p>A entidade considera como &#8220;marca registrada&#8221;, as constantes visitas \u00e0 base e o n\u00e3o recebimento de remunera\u00e7\u00e3o pela Diretoria Administrativa, a popular \u201cajuda de custo\u201d\u00a0<\/p>\n<p>2022<\/p>\n<p>&#8220;Sempre na Luta&#8221;, disse Rog\u00e9rio Salvador, Presidente do Sindicato.<\/p>\n<p>&#8220;Parab\u00e9ns a todas e todos da diretoria do Sindicato dos Banc\u00e1rio de Angra e Regi\u00e3o. Um Sindicato cidad\u00e3o, que h\u00e1 muitos anos trabalha em prol da classe trabalhadora. Nossa Federa\u00e7\u00e3o se orgulha por ter em seu quadro de associados e parceiros, quem sempre participou e participa de nossas lutas. E que, durante anos, vem fazendo a diferen\u00e7a, dando for\u00e7a e participando ativamente de nossas atividades. Unidos somos fortes!&#8221;,\u00a0parabenizou Nilton Dami\u00e3o Esperan\u00e7a, Presidente da Fetraf RJ\/ES.<\/p>\n<p><strong>Fonte: Fetraf RJ\/ES<\/strong><\/p>\n","protected":false},"excerpt":{"rendered":"<p>O\u00a0Sindicato dos Banc\u00e1rios de Angra dos Reis e Regi\u00e3o,\u00a0filiado \u00e0 Federa\u00e7\u00e3o dos Trabalhadores do Ramo Financeiro dos Estados do Rio de Janeiro e Esp\u00edrito Santo (Fetraf-RJ\/ES), completa 34 anos de exist\u00eancia e muitas lutas, nesta quinta-feira, 28 de julho. HIST\u00d3RIA Fundado em 28 de julho de 1988, a entidade sindical\u00a0teve origem no Sindicato dos Banc\u00e1rios [&hellip;]<\/p>\n","protected":false},"author":2,"featured_media":12893,"comment_status":"","ping_status":"","sticky":false,"template":"","format":"standard","meta":{"footnotes":""},"categories":[3],"tags":[],"class_list":["post-12894","post","type-post","status-publish","format-standard","has-post-thumbnail","hentry","category-noticias"],"_links":{"self":[{"href":"https:\/\/hostnetart.com.br\/baixada\/wp-json\/wp\/v2\/posts\/12894","targetHints":{"allow":["GET"]}}],"collection":[{"href":"https:\/\/hostnetart.com.br\/baixada\/wp-json\/wp\/v2\/posts"}],"about":[{"href":"https:\/\/hostnetart.com.br\/baixada\/wp-json\/wp\/v2\/types\/post"}],"author":[{"embeddable":true,"href":"https:\/\/hostnetart.com.br\/baixada\/wp-json\/wp\/v2\/users\/2"}],"replies":[{"embeddable":true,"href":"https:\/\/hostnetart.com.br\/baixada\/wp-json\/wp\/v2\/comments?post=12894"}],"version-history":[{"count":0,"href":"https:\/\/hostnetart.com.br\/baixada\/wp-json\/wp\/v2\/posts\/12894\/revisions"}],"wp:featuredmedia":[{"embeddable":true,"href":"https:\/\/hostnetart.com.br\/baixada\/wp-json\/wp\/v2\/media\/12893"}],"wp:attachment":[{"href":"https:\/\/hostnetart.com.br\/baixada\/wp-json\/wp\/v2\/media?parent=12894"}],"wp:term":[{"taxonomy":"category","embeddable":true,"href":"https:\/\/hostnetart.com.br\/baixada\/wp-json\/wp\/v2\/categories?post=12894"},{"taxonomy":"post_tag","embeddable":true,"href":"https:\/\/hostnetart.com.br\/baixada\/wp-json\/wp\/v2\/tags?post=12894"}],"curies":[{"name":"wp","href":"https:\/\/api.w.org\/{rel}","templated":true}]}}