{"id":12892,"date":"2022-07-28T03:22:46","date_gmt":"2022-07-28T06:22:46","guid":{"rendered":"https:\/\/hostnetart.com.br\/baixada\/cassi-resultado-do-plano-associados-torna-urgente-mudancas-na-gestao\/"},"modified":"2022-07-28T03:22:46","modified_gmt":"2022-07-28T06:22:46","slug":"cassi-resultado-do-plano-associados-torna-urgente-mudancas-na-gestao","status":"publish","type":"post","link":"https:\/\/hostnetart.com.br\/baixada\/cassi-resultado-do-plano-associados-torna-urgente-mudancas-na-gestao\/","title":{"rendered":"Cassi: resultado do Plano Associados torna urgente mudan\u00e7as na gest\u00e3o"},"content":{"rendered":"<p>O Plano Associados acumula, no primeiro quadrimestre de 2022, um d\u00e9ficit operacional de R$ 118 milh\u00f5es (resultado das opera\u00e7\u00f5es menos a despesa administrativa) e um d\u00e9ficit l\u00edquido de R$ 567 mil, com proje\u00e7\u00e3o para o ano de R$ 250 milh\u00f5es negativos, o que levar\u00e1 ao consumo de reservas da Cassi. Esse risco j\u00e1 vinha sendo indicado pelos novos eleitos da Cassi\u00a0<a href=\"https:\/\/contrafcut.com.br\/noticias\/mesmo-com-aporte-bilionario-despesas-da-cassi-sao-maiores-do-que-receitas\/\" target=\"_blank\" rel=\"noopener noreferrer\">antes da posse, que ocorreu em 1\u00b0 de julho de 2022<\/a>.<\/p>\n<p>\u201cBaseando-se nos resultados dos onze primeiros meses de 2021, o grupo apontava para um cen\u00e1rio de d\u00e9ficit das opera\u00e7\u00f5es do Plano Associados, demonstrado pelo \u00edndice de sinistralidade de quase 100%. Ou seja, no per\u00edodo, as despesas com sinistros (m\u00e9dico-hospitalares) foram consumidas quase que totalmente pelos recursos arrecadados das contribui\u00e7\u00f5es do Banco do Brasil e dos associados juntas\u201d, observou o coordenador da Comiss\u00e3o de Empresa dos Funcion\u00e1rios do Banco do Brasil (CEBB), Jo\u00e3o Fukunaga. \u201cA Cassi s\u00f3 estava conseguindo cobrir as despesas administrativas com o aux\u00edlio das receitas dos rendimentos das reservas (R$ 48 milh\u00f5es) e, em especial, pela taxa de administra\u00e7\u00e3o paga pelo BB (que acabou em dezembro de 2021), decorrente da reforma do Estatuto de 2019 (R$ 133 milh\u00f5es)\u201d, completou.<\/p>\n<p>Fukunaga destacou ainda que, com a divulga\u00e7\u00e3o do relat\u00f3rio anual de 2021, ap\u00f3s as elei\u00e7\u00f5es, foi constatado que as coparticipa\u00e7\u00f5es cobradas sobre percentuais acima dos n\u00edveis anteriores \u00e0 reforma estatut\u00e1ria de 2019, totalizaram R$ 203 milh\u00f5es, al\u00e9m de um montante de R$ 211 milh\u00f5es atribu\u00eddos \u00e0 recupera\u00e7\u00e3o de glosas (faturamentos n\u00e3o recebidos ou recusados nas organiza\u00e7\u00f5es de sa\u00fade, por problemas de comunica\u00e7\u00e3o entre cl\u00ednicas e conv\u00eanios).<\/p>\n<p>\u201cChama a aten\u00e7\u00e3o que, mesmo sabendo que os valores da reforma estatut\u00e1ria deixariam de entrar depois de dezembro de 2021 e, portanto, o Plano Associados corria risco de entrar em d\u00e9ficit novamente, o grupo que est\u00e1 na dire\u00e7\u00e3o da Cassi desde 2020 n\u00e3o preparou a gest\u00e3o para evitar esse desequil\u00edbrio\u201d, pontou o coordenador da CEBB.<\/p>\n<h3><strong>Atentos<\/strong><\/h3>\n<p>At\u00e9 a posse dos novos eleitos, o Conselho Deliberativo realizou cinco reuni\u00f5es ordin\u00e1rias e quatro extraordin\u00e1rias, para impor decis\u00f5es sobre o cumprimento da agenda da gest\u00e3o anterior. \u201cEssa estrat\u00e9gia deles nos obriga agora a adiar a implanta\u00e7\u00e3o das propostas que venceram o pleito em mar\u00e7o de 2022\u201d, alertou Fukunaga. \u201cOs agentes que representam a continuidade da gest\u00e3o anterior na Cassi, com o apoio dos indicados do BB, elegeram ainda os presidentes e vice-presidentes dos Conselhos Deliberativo e Fiscal, deixando de fora os atuais eleitos, cuja vota\u00e7\u00e3o somou cerca de 40 mil votos, total superior \u00e0 soma das outras chapas juntas\u201d, completou.<\/p>\n<p>\u201cMesmo diante dessas barreiras, os novos eleitos t\u00eam participado ativamente dos debates da Diretoria e dos Conselhos Deliberativo e Fiscal, para fazer valer a vontade dos associados, considerando como um grande avan\u00e7o o conhecimento da situa\u00e7\u00e3o financeira atual do Plano de Associados entre todos os que fazem parte hoje da gest\u00e3o da Cassi\u201d, pontuou o porta-voz da CEBB.<\/p>\n<p><strong>Fonte: Contraf-CUT<\/strong><\/p>\n","protected":false},"excerpt":{"rendered":"<p>O Plano Associados acumula, no primeiro quadrimestre de 2022, um d\u00e9ficit operacional de R$ 118 milh\u00f5es (resultado das opera\u00e7\u00f5es menos a despesa administrativa) e um d\u00e9ficit l\u00edquido de R$ 567 mil, com proje\u00e7\u00e3o para o ano de R$ 250 milh\u00f5es negativos, o que levar\u00e1 ao consumo de reservas da Cassi. Esse risco j\u00e1 vinha sendo [&hellip;]<\/p>\n","protected":false},"author":2,"featured_media":12891,"comment_status":"","ping_status":"","sticky":false,"template":"","format":"standard","meta":{"footnotes":""},"categories":[3],"tags":[],"class_list":["post-12892","post","type-post","status-publish","format-standard","has-post-thumbnail","hentry","category-noticias"],"_links":{"self":[{"href":"https:\/\/hostnetart.com.br\/baixada\/wp-json\/wp\/v2\/posts\/12892","targetHints":{"allow":["GET"]}}],"collection":[{"href":"https:\/\/hostnetart.com.br\/baixada\/wp-json\/wp\/v2\/posts"}],"about":[{"href":"https:\/\/hostnetart.com.br\/baixada\/wp-json\/wp\/v2\/types\/post"}],"author":[{"embeddable":true,"href":"https:\/\/hostnetart.com.br\/baixada\/wp-json\/wp\/v2\/users\/2"}],"replies":[{"embeddable":true,"href":"https:\/\/hostnetart.com.br\/baixada\/wp-json\/wp\/v2\/comments?post=12892"}],"version-history":[{"count":0,"href":"https:\/\/hostnetart.com.br\/baixada\/wp-json\/wp\/v2\/posts\/12892\/revisions"}],"wp:featuredmedia":[{"embeddable":true,"href":"https:\/\/hostnetart.com.br\/baixada\/wp-json\/wp\/v2\/media\/12891"}],"wp:attachment":[{"href":"https:\/\/hostnetart.com.br\/baixada\/wp-json\/wp\/v2\/media?parent=12892"}],"wp:term":[{"taxonomy":"category","embeddable":true,"href":"https:\/\/hostnetart.com.br\/baixada\/wp-json\/wp\/v2\/categories?post=12892"},{"taxonomy":"post_tag","embeddable":true,"href":"https:\/\/hostnetart.com.br\/baixada\/wp-json\/wp\/v2\/tags?post=12892"}],"curies":[{"name":"wp","href":"https:\/\/api.w.org\/{rel}","templated":true}]}}