{"id":12888,"date":"2022-07-28T03:18:51","date_gmt":"2022-07-28T06:18:51","guid":{"rendered":"https:\/\/hostnetart.com.br\/baixada\/seguranca-bancaria-e-necessaria-para-toda-a-sociedade\/"},"modified":"2022-07-28T03:18:51","modified_gmt":"2022-07-28T06:18:51","slug":"seguranca-bancaria-e-necessaria-para-toda-a-sociedade","status":"publish","type":"post","link":"https:\/\/hostnetart.com.br\/baixada\/seguranca-bancaria-e-necessaria-para-toda-a-sociedade\/","title":{"rendered":"Seguran\u00e7a banc\u00e1ria \u00e9 necess\u00e1ria para toda a sociedade"},"content":{"rendered":"<p>A seguran\u00e7a banc\u00e1ria ser\u00e1 tratada na mesa de negocia\u00e7\u00e3o entre o Comando Nacional dos Banc\u00e1rios e a Federa\u00e7\u00e3o Nacional dos Bancos (Fenaban) desta quinta-feira (28). O tema \u00e9 importante para a categoria banc\u00e1ria, pois est\u00e1 relacionado \u00e0 vida e \u00e0 integridade f\u00edsica, tanto dos trabalhadores do ramo financeiro como tamb\u00e9m dos clientes.<\/p>\n<p>De acordo com pesquisa feita em 2020, em parceria pela Confedera\u00e7\u00e3o Nacional dos Trabalhadores do Ramo Financeiro (Contraf-CUT), a Confedera\u00e7\u00e3o dos Trabalhadores em Seguran\u00e7a Privada (Contrasp) e a Confedera\u00e7\u00e3o Nacional dos Vigilantes (CNTV), ocorreram 839 ataques no setor: 321 explos\u00f5es ou arrombamentos de caixas eletr\u00f4nicos, 439 assaltos ou tentativas, 34 ataques a carros-fortes e 45 saidinhas banc\u00e1rias, al\u00e9m de 40 assaltos a correspondentes e outros 86 a ag\u00eancias dos Correios ou lot\u00e9ricas. Ao todo, ocorreram seis mortes nesse ano.<\/p>\n<p>\u201cEste assunto vai muito al\u00e9m daquilo que os bancos dissimulam e tentam n\u00e3o ver, \u00e9 muito mais que falta de seguran\u00e7a nas ag\u00eancias, \u00e9 o sentimento de medo e ansiedade no dia a dia nos locais de trabalho sem um m\u00ednimo de seguran\u00e7a\u201d, alertou o coordenador do Coletivo Nacional de Seguran\u00e7a Banc\u00e1ria da Confedera\u00e7\u00e3o Nacional dos Trabalhadores do Ramo Financeiro (Contraf-CUT), Elias Jord\u00e3o.<\/p>\n<p>\u201cDepois de anos de n\u00fameros crescentes de ataques a bancos, conseguimos avan\u00e7ar na mesa bipartite de seguran\u00e7a banc\u00e1ria com a instala\u00e7\u00e3o de v\u00e1rios itens de seguran\u00e7a nas ag\u00eancias, sendo a instala\u00e7\u00e3o das portas de seguran\u00e7a a maior conquista. Mas, agora os bancos est\u00e3o indo na contram\u00e3o\u201d, completou Elias, que tamb\u00e9m \u00e9 secret\u00e1rio de Pol\u00edticas Sociais da Contraf-CUT.<\/p>\n<p><strong>Garantia legal<\/strong><\/p>\n<p>A Lei Nacional de Seguran\u00e7a Banc\u00e1ria obriga, para o funcionamento de um estabelecimento financeiro, a exist\u00eancia de um sistema com vigilantes bem preparados, protegidos e armados, e c\u00e2meras de monitoramento, al\u00e9m de mais um item a crit\u00e9rio das institui\u00e7\u00f5es, como a porta girat\u00f3ria, definida em acordo com a categoria. Ao longo de negocia\u00e7\u00f5es entre entidades sindicais e os bancos, tamb\u00e9m foram inclu\u00eddos alarme interligado com outra unidade da institui\u00e7\u00e3o, empresa de seguran\u00e7a ou \u00f3rg\u00e3o policial; cofre com temporizador; e biombos para separar a \u00e1rea dos caixas e filas. O plano de seguran\u00e7a deve ser fiscalizado pela Pol\u00edcia Federal.<\/p>\n<p>Durante a pandemia, os bancos investiram na implanta\u00e7\u00e3o de lojas de neg\u00f3cios, em substitui\u00e7\u00e3o \u00e0s ag\u00eancias. Segundo o dirigente da Contraf-CUT, com essa adapta\u00e7\u00e3o, come\u00e7ou a retirada das portas girat\u00f3rias e dos vigilantes. Apesar da rea\u00e7\u00e3o dos trabalhadores contra a medida e da presen\u00e7a de caixas eletr\u00f4nicos nesses locais, os bancos alegam n\u00e3o existir tr\u00e2nsito de numer\u00e1rio nessas unidades para manter a decis\u00e3o. \u201cA categoria, por\u00e9m, exige que a seguran\u00e7a n\u00e3o seja tratada como custo, e sim como medida que preserva a vida de trabalhadores e clientes\u201d pontuou Elias. \u201cAl\u00e9m do mais, o lucro dos bancos permite que se garanta a seguran\u00e7a de todos\u201d, concluiu.<\/p>\n<p>O secret\u00e1rio afirmou que \u201ca categoria n\u00e3o \u00e9 contra esse novo modelo de neg\u00f3cios, mas n\u00e3o aceita que essas unidades operem sem seguran\u00e7a, gerando riscos para funcion\u00e1rios e a sociedade\u201d. Ele tamb\u00e9m lembra que diversas vezes os bancos t\u00eam afirmado que estas unidades n\u00e3o trazem riscos. \u201cMas, o que tem\u00edamos j\u00e1 tem acontecido em todo o pa\u00eds, com v\u00e1rios casos de amea\u00e7as e agress\u00e3o a funcion\u00e1rios. Os relatos de ansiedade e de medo destes funcion\u00e1rios tamb\u00e9m s\u00e3o recorrentes e isso afeta sua sa\u00fade\u201d, disse.<\/p>\n<p><strong>Fonte: Contraf-CUT<\/strong><\/p>\n","protected":false},"excerpt":{"rendered":"<p>A seguran\u00e7a banc\u00e1ria ser\u00e1 tratada na mesa de negocia\u00e7\u00e3o entre o Comando Nacional dos Banc\u00e1rios e a Federa\u00e7\u00e3o Nacional dos Bancos (Fenaban) desta quinta-feira (28). O tema \u00e9 importante para a categoria banc\u00e1ria, pois est\u00e1 relacionado \u00e0 vida e \u00e0 integridade f\u00edsica, tanto dos trabalhadores do ramo financeiro como tamb\u00e9m dos clientes. De acordo com [&hellip;]<\/p>\n","protected":false},"author":2,"featured_media":12887,"comment_status":"","ping_status":"","sticky":false,"template":"","format":"standard","meta":{"footnotes":""},"categories":[3],"tags":[],"class_list":["post-12888","post","type-post","status-publish","format-standard","has-post-thumbnail","hentry","category-noticias"],"_links":{"self":[{"href":"https:\/\/hostnetart.com.br\/baixada\/wp-json\/wp\/v2\/posts\/12888","targetHints":{"allow":["GET"]}}],"collection":[{"href":"https:\/\/hostnetart.com.br\/baixada\/wp-json\/wp\/v2\/posts"}],"about":[{"href":"https:\/\/hostnetart.com.br\/baixada\/wp-json\/wp\/v2\/types\/post"}],"author":[{"embeddable":true,"href":"https:\/\/hostnetart.com.br\/baixada\/wp-json\/wp\/v2\/users\/2"}],"replies":[{"embeddable":true,"href":"https:\/\/hostnetart.com.br\/baixada\/wp-json\/wp\/v2\/comments?post=12888"}],"version-history":[{"count":0,"href":"https:\/\/hostnetart.com.br\/baixada\/wp-json\/wp\/v2\/posts\/12888\/revisions"}],"wp:featuredmedia":[{"embeddable":true,"href":"https:\/\/hostnetart.com.br\/baixada\/wp-json\/wp\/v2\/media\/12887"}],"wp:attachment":[{"href":"https:\/\/hostnetart.com.br\/baixada\/wp-json\/wp\/v2\/media?parent=12888"}],"wp:term":[{"taxonomy":"category","embeddable":true,"href":"https:\/\/hostnetart.com.br\/baixada\/wp-json\/wp\/v2\/categories?post=12888"},{"taxonomy":"post_tag","embeddable":true,"href":"https:\/\/hostnetart.com.br\/baixada\/wp-json\/wp\/v2\/tags?post=12888"}],"curies":[{"name":"wp","href":"https:\/\/api.w.org\/{rel}","templated":true}]}}