{"id":12884,"date":"2022-07-27T19:09:21","date_gmt":"2022-07-27T22:09:21","guid":{"rendered":"https:\/\/hostnetart.com.br\/baixada\/bancarios-mantem-protestos-contra-reestruturacoes-no-santander\/"},"modified":"2022-07-27T19:09:21","modified_gmt":"2022-07-27T22:09:21","slug":"bancarios-mantem-protestos-contra-reestruturacoes-no-santander","status":"publish","type":"post","link":"https:\/\/hostnetart.com.br\/baixada\/bancarios-mantem-protestos-contra-reestruturacoes-no-santander\/","title":{"rendered":"Banc\u00e1rios mant\u00e9m protestos contra reestrutura\u00e7\u00f5es no Santander"},"content":{"rendered":"<p>\u00a0<\/p>\n<p>Os protestos em ag\u00eancias do Banco Santander, que come\u00e7aram na \u00faltima ter\u00e7a-feira, 26 de julho, seguiram nesta quarta-feira (27).<\/p>\n<p>Os atos s\u00e3o\u00a0contra a extens\u00e3o do hor\u00e1rio de atendimento gerencial e, tamb\u00e9m, contra todo o processo de reestrutura\u00e7\u00e3o promovido pelo banco, com a extin\u00e7\u00e3o dos cargos de gerentes de atendimento, demiss\u00f5es e terceiriza\u00e7\u00f5es de diversos setores.<\/p>\n<p>O Santander vem promovendo h\u00e1 anos uma reestrutura\u00e7\u00e3o com demiss\u00f5es, falta de contrata\u00e7\u00e3o de funcion\u00e1rios, terceiriza\u00e7\u00f5es de setores inteiros, automatiza\u00e7\u00e3o de fun\u00e7\u00f5es, extin\u00e7\u00e3o do cargo de gerente de atendimento (o que levou \u00e0 sobrecarga dos gerentes de neg\u00f3cios e servi\u00e7os),\u00a0<a href=\"https:\/\/spbancarios.com.br\/07\/2022\/santander-agencias-atendimento-gerencial-9h-17h-18-de-julho\" target=\"_blank\" rel=\"noopener noreferrer\">amplia\u00e7\u00e3o do hor\u00e1rio de atendimento gerencial<\/a>\u00a0das 9h \u00e0s 17h.<\/p>\n<p>No\u00a0<a href=\"https:\/\/contrafcut.com.br\/sindical-santander-biro-2\" target=\"_blank\" rel=\"noopener noreferrer\">boletim Sindical Santander<\/a>, que foi distribu\u00eddo aos funcion\u00e1rios e \u00e0 popula\u00e7\u00e3o em geral durante as atividades, o movimento sindical ressalta que a amplia\u00e7\u00e3o do hor\u00e1rio afetar\u00e1 mais as ag\u00eancias perif\u00e9ricas, onde h\u00e1 maior volume de atendimento de clientes, e que, como muitos problemas levam mais de uma hora para serem solucionados, o expediente pode ir at\u00e9 depois das 17h.<\/p>\n<p>Publicamente o Santander alega buscar proximidade com os clientes. \u201cMas, na pr\u00e1tica, o banco est\u00e1 empurrando as pessoas para o atendimento digital e cortando postos de trabalho que poderiam melhorar o atendimento, o que contradiz este discurso\u201d, disse a coordenadora da Comiss\u00e3o de Organiza\u00e7\u00e3o dos Empregados (COE) do Santander, Lucimara Malaquias.<\/p>\n<p>Dados do balan\u00e7o do Santander mostram que, em um ano, a carteira digital do banco cresceu 17%; no mesmo per\u00edodo houve crescimento de 8% de clientes tradicionais. Em cinco anos, do primeiro trimestre de 2016 ao primeiro trimestre de 2022, a m\u00e9dia de clientes por funcion\u00e1rio cresceu de 656 para 1.116. No per\u00edodo houve aumento de 166% no n\u00famero de clientes e redu\u00e7\u00e3o de 2,1% no n\u00famero de funcion\u00e1rios.<\/p>\n<p><em>Foto: Sindicato dos Banc\u00e1rios de Maca\u00e9 e Regi\u00e3o<\/em><\/p>\n<p><strong>*Com informa\u00e7\u00f5es da Contraf-CUT e da Fetraf RJ\/ES<\/strong><\/p>\n","protected":false},"excerpt":{"rendered":"<p>\u00a0 Os protestos em ag\u00eancias do Banco Santander, que come\u00e7aram na \u00faltima ter\u00e7a-feira, 26 de julho, seguiram nesta quarta-feira (27). Os atos s\u00e3o\u00a0contra a extens\u00e3o do hor\u00e1rio de atendimento gerencial e, tamb\u00e9m, contra todo o processo de reestrutura\u00e7\u00e3o promovido pelo banco, com a extin\u00e7\u00e3o dos cargos de gerentes de atendimento, demiss\u00f5es e terceiriza\u00e7\u00f5es de diversos [&hellip;]<\/p>\n","protected":false},"author":2,"featured_media":12883,"comment_status":"","ping_status":"","sticky":false,"template":"","format":"standard","meta":{"footnotes":""},"categories":[3],"tags":[],"class_list":["post-12884","post","type-post","status-publish","format-standard","has-post-thumbnail","hentry","category-noticias"],"_links":{"self":[{"href":"https:\/\/hostnetart.com.br\/baixada\/wp-json\/wp\/v2\/posts\/12884","targetHints":{"allow":["GET"]}}],"collection":[{"href":"https:\/\/hostnetart.com.br\/baixada\/wp-json\/wp\/v2\/posts"}],"about":[{"href":"https:\/\/hostnetart.com.br\/baixada\/wp-json\/wp\/v2\/types\/post"}],"author":[{"embeddable":true,"href":"https:\/\/hostnetart.com.br\/baixada\/wp-json\/wp\/v2\/users\/2"}],"replies":[{"embeddable":true,"href":"https:\/\/hostnetart.com.br\/baixada\/wp-json\/wp\/v2\/comments?post=12884"}],"version-history":[{"count":0,"href":"https:\/\/hostnetart.com.br\/baixada\/wp-json\/wp\/v2\/posts\/12884\/revisions"}],"wp:featuredmedia":[{"embeddable":true,"href":"https:\/\/hostnetart.com.br\/baixada\/wp-json\/wp\/v2\/media\/12883"}],"wp:attachment":[{"href":"https:\/\/hostnetart.com.br\/baixada\/wp-json\/wp\/v2\/media?parent=12884"}],"wp:term":[{"taxonomy":"category","embeddable":true,"href":"https:\/\/hostnetart.com.br\/baixada\/wp-json\/wp\/v2\/categories?post=12884"},{"taxonomy":"post_tag","embeddable":true,"href":"https:\/\/hostnetart.com.br\/baixada\/wp-json\/wp\/v2\/tags?post=12884"}],"curies":[{"name":"wp","href":"https:\/\/api.w.org\/{rel}","templated":true}]}}