{"id":1288,"date":"2013-08-09T00:00:00","date_gmt":"2013-08-09T03:00:00","guid":{"rendered":"https:\/\/hostnetart.com.br\/baixada\/com-pl-4330-quem-e-bancario-hoje-pode-virar-terceirizado-amanha\/"},"modified":"2013-08-09T00:00:00","modified_gmt":"2013-08-09T03:00:00","slug":"com-pl-4330-quem-e-bancario-hoje-pode-virar-terceirizado-amanha","status":"publish","type":"post","link":"https:\/\/hostnetart.com.br\/baixada\/com-pl-4330-quem-e-bancario-hoje-pode-virar-terceirizado-amanha\/","title":{"rendered":"Com PL 4330, quem \u00e9 banc\u00e1rio hoje pode virar terceirizado amanh\u00e3"},"content":{"rendered":"<p>O que faz um funcion\u00e1rio terceirizado contratado por uma institui\u00e7\u00e3o financeira e que se senta ao lado de um banc\u00e1rio, na mesma sala? Normalmente, segundo relatos de empregados, a mesma tarefa. No entanto, sem as mesmas condi\u00e7\u00f5es de trabalho, sem o mesmo tratamento, sem as mesmas ferramentas e a mesma representa\u00e7\u00e3o sindical.<\/p>\n<p>\u00a0<\/p>\n<p>Eles ganham menos e trabalham em situa\u00e7\u00e3o prec\u00e1ria. Se a situa\u00e7\u00e3o pode piorar? Sim. Quem \u00e9 banc\u00e1rio hoje pode se tornar o terceirizado amanh\u00e3. \u00c9 o que prev\u00ea o projeto de lei de n\u00famero 4330 do deputado Sandro Mabel (PMDB-GO).<\/p>\n<p>\u00a0<\/p>\n<p>O Sindicato dos Banc\u00e1rios de S\u00e3o Paulo luta pela sua altera\u00e7\u00e3o, j\u00e1 que o PL regulamenta a terceiriza\u00e7\u00e3o fraudulenta e amea\u00e7a at\u00e9 mesmo os direitos estabelecidos na Consolida\u00e7\u00e3o das Leis do Trabalho (CLT).<\/p>\n<p>\u00a0<\/p>\n<p>A funcion\u00e1ria de uma empresa terceirizada conta um pouco sobre sua rotina: \u201cAcesso as mesmas informa\u00e7\u00f5es de clientes que o banc\u00e1rio que trabalha comigo. Posso verificar quais transa\u00e7\u00f5es um cliente do banco fez no cart\u00e3o de cr\u00e9dito, quanto ele gastou e onde fez a compra. Tenho endere\u00e7o, n\u00famero de documentos, todas as informa\u00e7\u00f5es. Tamb\u00e9m tenho acesso a microfilmagens de cheques.\u201d Mas, na sala onde trabalha, at\u00e9 a cadeira \u00e9 diferente. \u201cA deles tem encosto maior e apoio para bra\u00e7os. A nossa n\u00e3o.\u201d<\/p>\n<p>\u00a0<\/p>\n<p>A trabalhadora da terceirizada contratada por um banco privado tamb\u00e9m n\u00e3o usufrui dos direitos conquistados pela categoria banc\u00e1ria. \u201cMeu vale-refei\u00e7\u00e3o \u00e9 de R$ 10 ao dia. Se levo comida, preciso pagar para esquentar a marmita no boteco em frente ao trabalho. N\u00e3o posso usar a copa, que \u00e9 de uso exclusivo dos funcion\u00e1rios do banco. N\u00e3o tenho vale-alimenta\u00e7\u00e3o nem plano de sa\u00fade, ent\u00e3o pago o conv\u00eanio por minha conta, mas se fico doente, n\u00e3o aceitam o atestado do m\u00e9dico do conv\u00eanio, s\u00f3 aceitam se for do SUS.\u201d<\/p>\n<p>\u00a0<\/p>\n<p>Segundo a trabalhadora, mesmo entregando o atestado, o registro do ponto acusa como falta justificada, no entanto, a empresa desconta o dia e todos os benef\u00edcios no pagamento.<\/p>\n<p>\u00a0<\/p>\n<p>Outra terceirizada, que recebe um sal\u00e1rio ainda menor, informa que por receber menos ganha vale-alimenta\u00e7\u00e3o. O valor mensal \u00e9 de R$ 65, insuficiente at\u00e9 para a comida de uma s\u00f3 semana. Essa funcion\u00e1ria trabalha com abertura e valida\u00e7\u00e3o de contas corrente pessoa jur\u00eddica, com acesso a todas as informa\u00e7\u00f5es de clientes, assim como os banc\u00e1rios.<\/p>\n<p>\u00a0<\/p>\n<p>As funcion\u00e1rias tamb\u00e9m passam por momentos constrangedores na hora de usar o banheiro, que por sinal, s\u00e3o \u201cbem sujos\u201d. \u201cSe demoramos mais de 10 minutos algu\u00e9m vai atr\u00e1s da gente para saber o que estamos fazendo.\u201d H\u00e1 alguns dias, um rato caiu em cima da mesa onde uma delas trabalha. \u201cO forro \u00e9 velho, parece ser feito de isopor, ent\u00e3o caem insetos, como baratas. Desta vez foi um rato, mesmo. E por todo canto tem muita poeira\u201d, relata.<\/p>\n<p>\u00a0<\/p>\n<p>No local em que essas terceirizadas trabalham, n\u00e3o existe ambulat\u00f3rio m\u00e9dico. Quem socorre o funcion\u00e1rio que vem a passar mal \u00e9 um dos seguran\u00e7as. Esses profissionais tamb\u00e9m fazem a revista na bolsa das funcion\u00e1rias na sa\u00edda do pr\u00e9dio, diariamente.<\/p>\n<p>\u00a0<\/p>\n<p>Quando algum trabalhador resolve questionar a diferen\u00e7a dos direitos, j\u00e1 que o trabalho \u00e9 igual, a resposta \u00e9 dura. \u201cEsses dias, um colega reclamou do sal\u00e1rio dele, disse que n\u00e3o conseguia pagar a faculdade. O chefe falou pra ele ir catar latinha, ent\u00e3o. Ele n\u00e3o aguentou, pediu demiss\u00e3o.\u201d<\/p>\n<p>\u00a0<\/p>\n<p>\u00a0<\/p>\n<p><strong>Luta nas ruas<\/strong><\/p>\n<p>\u00a0<\/p>\n<p>Na ter\u00e7a-feira 6, mais uma vez a classe trabalhadora foi \u00e0s ruas contra o PL 4330. O Dia Nacional de Luta foi convocado pela Central \u00danica dos Trabalhadores (CUT) e demais centrais sindicais e reuniu 3 mil pessoas na Avenida Paulista. No mesmo dia, manifesta\u00e7\u00f5es ocorreram nas capitais de diversos estados brasileiros, de norte a sul do pa\u00eds.<\/p>\n<p>\u00a0<\/p>\n<p>\u201cE estaremos nas ruas de todo o pa\u00eds, no parlamento em Bras\u00edlia, onde for necess\u00e1rio para barrar o PL 4330, que quer passar por cima dos diretos dos trabalhadores, conquistados ap\u00f3s tantos anos de luta\u201d, afirma a secret\u00e1ria-geral do Sindicato, Raquel Kacelnikas.<\/p>\n<p>\u00a0<\/p>\n<p>A CUT nacional recomenda aos trabalhadores que enviem e-mails aos integrantes da Comiss\u00e3o de Constitui\u00e7\u00e3o e Justi\u00e7a e de Cidadania (CCJ) da C\u00e2mara dos Deputados, na qual o projeto deve ser votado no dia 13 ou 14 de agosto.<\/p>\n<p>\u00a0<\/p>\n<p>Fonte: Contraf-CUT com Seeb S\u00e3o Paulo<\/p>\n","protected":false},"excerpt":{"rendered":"<p>O que faz um funcion\u00e1rio terceirizado contratado por uma institui\u00e7\u00e3o financeira e que se senta ao lado de um banc\u00e1rio, na mesma sala? Normalmente, segundo relatos de empregados, a mesma tarefa. No entanto, sem as mesmas condi\u00e7\u00f5es de trabalho, sem o mesmo tratamento, sem as mesmas ferramentas e a mesma representa\u00e7\u00e3o sindical. \u00a0 Eles ganham [&hellip;]<\/p>\n","protected":false},"author":1,"featured_media":0,"comment_status":"","ping_status":"","sticky":false,"template":"","format":"standard","meta":{"footnotes":""},"categories":[3],"tags":[],"class_list":["post-1288","post","type-post","status-publish","format-standard","hentry","category-noticias"],"_links":{"self":[{"href":"https:\/\/hostnetart.com.br\/baixada\/wp-json\/wp\/v2\/posts\/1288","targetHints":{"allow":["GET"]}}],"collection":[{"href":"https:\/\/hostnetart.com.br\/baixada\/wp-json\/wp\/v2\/posts"}],"about":[{"href":"https:\/\/hostnetart.com.br\/baixada\/wp-json\/wp\/v2\/types\/post"}],"author":[{"embeddable":true,"href":"https:\/\/hostnetart.com.br\/baixada\/wp-json\/wp\/v2\/users\/1"}],"replies":[{"embeddable":true,"href":"https:\/\/hostnetart.com.br\/baixada\/wp-json\/wp\/v2\/comments?post=1288"}],"version-history":[{"count":0,"href":"https:\/\/hostnetart.com.br\/baixada\/wp-json\/wp\/v2\/posts\/1288\/revisions"}],"wp:attachment":[{"href":"https:\/\/hostnetart.com.br\/baixada\/wp-json\/wp\/v2\/media?parent=1288"}],"wp:term":[{"taxonomy":"category","embeddable":true,"href":"https:\/\/hostnetart.com.br\/baixada\/wp-json\/wp\/v2\/categories?post=1288"},{"taxonomy":"post_tag","embeddable":true,"href":"https:\/\/hostnetart.com.br\/baixada\/wp-json\/wp\/v2\/tags?post=1288"}],"curies":[{"name":"wp","href":"https:\/\/api.w.org\/{rel}","templated":true}]}}