{"id":12878,"date":"2022-07-27T15:03:26","date_gmt":"2022-07-27T18:03:26","guid":{"rendered":"https:\/\/hostnetart.com.br\/baixada\/mpt-transforma-apuracao-de-assedio-na-caixa-em-inquerito-civil\/"},"modified":"2022-07-27T15:03:26","modified_gmt":"2022-07-27T18:03:26","slug":"mpt-transforma-apuracao-de-assedio-na-caixa-em-inquerito-civil","status":"publish","type":"post","link":"https:\/\/hostnetart.com.br\/baixada\/mpt-transforma-apuracao-de-assedio-na-caixa-em-inquerito-civil\/","title":{"rendered":"MPT transforma apura\u00e7\u00e3o de ass\u00e9dio na Caixa em inqu\u00e9rito civil"},"content":{"rendered":"<p>O Minist\u00e9rio P\u00fablico do Trabalho (MPT) transformou, nesta ter\u00e7a-feira (26), a apura\u00e7\u00e3o das den\u00fancias de ass\u00e9dio sexual, feitas por empregadas da Caixa contra o ex-presidente da institui\u00e7\u00e3o Pedro Guimar\u00e3es, em inqu\u00e9rito civil. Em sua decis\u00e3o, o procurador Paulo Neto, determinou: \u201cConsiderando que os fatos narrados autorizam a tutela de direitos a cargo do Minist\u00e9rio P\u00fablico do Trabalho, CONVERTA-SE a not\u00edcia de fato em inqu\u00e9rito civil\u201d.<\/p>\n<p>A apura\u00e7\u00e3o no MPT tinha sido aberta logo ap\u00f3s as den\u00fancias terem se tornado p\u00fablicas pelo portal Metr\u00f3poles, em 28 de junho. No despacho, o procurador tamb\u00e9m determinou que a Caixa, assim que notificada, junte ao inqu\u00e9rito, no prazo de 10 dias, todos os documentos de \u201cprocedimentos administrativos\u201d relativos a 14 den\u00fancias em canais internos do banco, contra abusos de Pedro Guimar\u00e3es, entre 2019 e 2022.<\/p>\n<p>Conforme a decis\u00e3o, a Caixa tamb\u00e9m ter\u00e1 que apresentar c\u00f3pias de \u201cprocedimentos administrativos decorrentes de 02 (duas) den\u00fancias que teriam sido apresentadas no \u2018Viva Voz\u2019 por uma funcion\u00e1ria da Caixa, em 2020, relacionadas a poss\u00edvel ass\u00e9dio moral que teria sido praticado pelo ex-presidente da empresa p\u00fablica durante uma\u00a0<em>live<\/em>\u00a0ocorrida no fim de maio daquele ano\u201d.<\/p>\n<p>Com a decis\u00e3o do MPT, as investiga\u00e7\u00f5es contra Pedro Guimar\u00e3es ser\u00e3o aprofundadas. O caso tamb\u00e9m \u00e9 investigado pelo Minist\u00e9rio P\u00fablico Federal.<\/p>\n<p><strong>Fonte: Contraf-CUT<\/strong><\/p>\n","protected":false},"excerpt":{"rendered":"<p>O Minist\u00e9rio P\u00fablico do Trabalho (MPT) transformou, nesta ter\u00e7a-feira (26), a apura\u00e7\u00e3o das den\u00fancias de ass\u00e9dio sexual, feitas por empregadas da Caixa contra o ex-presidente da institui\u00e7\u00e3o Pedro Guimar\u00e3es, em inqu\u00e9rito civil. Em sua decis\u00e3o, o procurador Paulo Neto, determinou: \u201cConsiderando que os fatos narrados autorizam a tutela de direitos a cargo do Minist\u00e9rio P\u00fablico [&hellip;]<\/p>\n","protected":false},"author":2,"featured_media":12877,"comment_status":"","ping_status":"","sticky":false,"template":"","format":"standard","meta":{"footnotes":""},"categories":[3],"tags":[],"class_list":["post-12878","post","type-post","status-publish","format-standard","has-post-thumbnail","hentry","category-noticias"],"_links":{"self":[{"href":"https:\/\/hostnetart.com.br\/baixada\/wp-json\/wp\/v2\/posts\/12878","targetHints":{"allow":["GET"]}}],"collection":[{"href":"https:\/\/hostnetart.com.br\/baixada\/wp-json\/wp\/v2\/posts"}],"about":[{"href":"https:\/\/hostnetart.com.br\/baixada\/wp-json\/wp\/v2\/types\/post"}],"author":[{"embeddable":true,"href":"https:\/\/hostnetart.com.br\/baixada\/wp-json\/wp\/v2\/users\/2"}],"replies":[{"embeddable":true,"href":"https:\/\/hostnetart.com.br\/baixada\/wp-json\/wp\/v2\/comments?post=12878"}],"version-history":[{"count":0,"href":"https:\/\/hostnetart.com.br\/baixada\/wp-json\/wp\/v2\/posts\/12878\/revisions"}],"wp:featuredmedia":[{"embeddable":true,"href":"https:\/\/hostnetart.com.br\/baixada\/wp-json\/wp\/v2\/media\/12877"}],"wp:attachment":[{"href":"https:\/\/hostnetart.com.br\/baixada\/wp-json\/wp\/v2\/media?parent=12878"}],"wp:term":[{"taxonomy":"category","embeddable":true,"href":"https:\/\/hostnetart.com.br\/baixada\/wp-json\/wp\/v2\/categories?post=12878"},{"taxonomy":"post_tag","embeddable":true,"href":"https:\/\/hostnetart.com.br\/baixada\/wp-json\/wp\/v2\/tags?post=12878"}],"curies":[{"name":"wp","href":"https:\/\/api.w.org\/{rel}","templated":true}]}}