{"id":12867,"date":"2022-07-26T18:46:09","date_gmt":"2022-07-26T21:46:09","guid":{"rendered":"https:\/\/hostnetart.com.br\/baixada\/coletivo-de-combate-ao-racismo-debate-conjuntura-atual\/"},"modified":"2022-07-26T18:46:09","modified_gmt":"2022-07-26T21:46:09","slug":"coletivo-de-combate-ao-racismo-debate-conjuntura-atual","status":"publish","type":"post","link":"https:\/\/hostnetart.com.br\/baixada\/coletivo-de-combate-ao-racismo-debate-conjuntura-atual\/","title":{"rendered":"Coletivo de Combate ao Racismo debate conjuntura atual"},"content":{"rendered":"<p>O Coletivo Nacional de Combate ao Racismo dos banc\u00e1rios realiza nesta ter\u00e7a-feira (26), \u00e0s 18h, em reuni\u00e3o ampliada, um debate relacionado ao momento pol\u00edtico atual brasileiro. Os temas em pauta ser\u00e3o \u201cra\u00e7a e g\u00eanero: mulheres negras\u201d, \u201ceduca\u00e7\u00e3o em tempos de desmonte\u201d, \u201cpor uma pol\u00edtica inclusiva e democr\u00e1tica\u201d e \u201cseguran\u00e7a p\u00fablica\u201d.<\/p>\n<p>O evento \u00e9 aberto a sindicatos, bases e ramos sindicais, confedera\u00e7\u00f5es e demais entidades ligadas \u00e0 Central \u00danica dos Trabalhadores (CUT) e ser\u00e1 realizado na modalidade remota, pela plataforma Zoom. Interessados podem acessar o encontro diretamente pelo aplicativo, ou clicando\u00a0<a href=\"https:\/\/cut-org-br.zoom.us\/j\/85442233804?pwd=TEFWVEdEN3c2YTR6L2dxemc3R0J5Zz09\" target=\"_blank\" rel=\"noopener noreferrer\">neste link<\/a>, e usar o ID da Reuni\u00e3o 854 4223 3804 e a senha 653948.<\/p>\n<p><strong>Reuni\u00e3o Nacional Ampliada do Coletivo de Combate ao Racismo<\/strong><\/p>\n<p>Agenda: 26 de julho, 18h<\/p>\n<p>Aplicativo Zoom ou por\u00a0<a href=\"https:\/\/cut-org-br.zoom.us\/j\/85442233804?pwd=TEFWVEdEN3c2YTR6L2dxemc3R0J5Zz09\" target=\"_blank\" rel=\"noopener noreferrer\">este link<\/a>.<\/p>\n<p>ID da reuni\u00e3o: 854 4223 3804<\/p>\n<p>Senha de acesso: 653948<\/p>\n<p>Anfitri\u00e3: Ana Dindara<\/p>\n<p><strong>Fonte: Contraf-CUT<\/strong><\/p>\n","protected":false},"excerpt":{"rendered":"<p>O Coletivo Nacional de Combate ao Racismo dos banc\u00e1rios realiza nesta ter\u00e7a-feira (26), \u00e0s 18h, em reuni\u00e3o ampliada, um debate relacionado ao momento pol\u00edtico atual brasileiro. Os temas em pauta ser\u00e3o \u201cra\u00e7a e g\u00eanero: mulheres negras\u201d, \u201ceduca\u00e7\u00e3o em tempos de desmonte\u201d, \u201cpor uma pol\u00edtica inclusiva e democr\u00e1tica\u201d e \u201cseguran\u00e7a p\u00fablica\u201d. O evento \u00e9 aberto a [&hellip;]<\/p>\n","protected":false},"author":2,"featured_media":12866,"comment_status":"","ping_status":"","sticky":false,"template":"","format":"standard","meta":{"footnotes":""},"categories":[3],"tags":[],"class_list":["post-12867","post","type-post","status-publish","format-standard","has-post-thumbnail","hentry","category-noticias"],"_links":{"self":[{"href":"https:\/\/hostnetart.com.br\/baixada\/wp-json\/wp\/v2\/posts\/12867","targetHints":{"allow":["GET"]}}],"collection":[{"href":"https:\/\/hostnetart.com.br\/baixada\/wp-json\/wp\/v2\/posts"}],"about":[{"href":"https:\/\/hostnetart.com.br\/baixada\/wp-json\/wp\/v2\/types\/post"}],"author":[{"embeddable":true,"href":"https:\/\/hostnetart.com.br\/baixada\/wp-json\/wp\/v2\/users\/2"}],"replies":[{"embeddable":true,"href":"https:\/\/hostnetart.com.br\/baixada\/wp-json\/wp\/v2\/comments?post=12867"}],"version-history":[{"count":0,"href":"https:\/\/hostnetart.com.br\/baixada\/wp-json\/wp\/v2\/posts\/12867\/revisions"}],"wp:featuredmedia":[{"embeddable":true,"href":"https:\/\/hostnetart.com.br\/baixada\/wp-json\/wp\/v2\/media\/12866"}],"wp:attachment":[{"href":"https:\/\/hostnetart.com.br\/baixada\/wp-json\/wp\/v2\/media?parent=12867"}],"wp:term":[{"taxonomy":"category","embeddable":true,"href":"https:\/\/hostnetart.com.br\/baixada\/wp-json\/wp\/v2\/categories?post=12867"},{"taxonomy":"post_tag","embeddable":true,"href":"https:\/\/hostnetart.com.br\/baixada\/wp-json\/wp\/v2\/tags?post=12867"}],"curies":[{"name":"wp","href":"https:\/\/api.w.org\/{rel}","templated":true}]}}