{"id":12863,"date":"2022-07-26T16:41:47","date_gmt":"2022-07-26T19:41:47","guid":{"rendered":"https:\/\/hostnetart.com.br\/baixada\/sindicato-dos-bancarios-de-macae-e-regiao-completa-31-anos\/"},"modified":"2022-07-26T16:41:47","modified_gmt":"2022-07-26T19:41:47","slug":"sindicato-dos-bancarios-de-macae-e-regiao-completa-31-anos","status":"publish","type":"post","link":"https:\/\/hostnetart.com.br\/baixada\/sindicato-dos-bancarios-de-macae-e-regiao-completa-31-anos\/","title":{"rendered":"Sindicato dos Banc\u00e1rios de Maca\u00e9 e Regi\u00e3o completa 31 anos"},"content":{"rendered":"<p>O Sindicato dos Banc\u00e1rios de Maca\u00e9 e Regi\u00e3o (SEEB-Maca\u00e9), filiado \u00e0 Federa\u00e7\u00e3o dos Trabalhadores do Ramo Financeiro dos Estados do Rio de Janeiro e Esp\u00edrito Santo (Fetraf-RJ\/ES), completou, nesta segunda-feira (25), 31 anos de exist\u00eancia.<\/p>\n<p>\u201cReafirmamos o compromisso com toda a categoria de prosseguir com a luta pela manuten\u00e7\u00e3o e preserva\u00e7\u00e3o de nossos direitos trabalhistas que conquistamos ao longo dessa jornada de exist\u00eancia\u201d, disse o sindicato em nota comemorativa. \u201cEsse ano temos um grande desafio pela frente, trata-se da renova\u00e7\u00e3o de nosso acordo coletivo de trabalho onde iremos buscar n\u00e3o s\u00f3 a sua renova\u00e7\u00e3o, mas tamb\u00e9m a amplia\u00e7\u00e3o de direitos e sobretudo reposi\u00e7\u00e3o da infla\u00e7\u00e3o e aumento real para a categoria\u201d, completou a entidade.<\/p>\n<p>Tamb\u00e9m em reconhecimento \u00e0 data, a Diretoria eleita para o mandato 2020\/2024 reafirmou o compromisso de se manter ao lado dos trabalhadores banc\u00e1rios, \u201cpreservando o emprego a renda, direitos trabalhistas e principalmente o direito \u00e0 vida\u201d. O presidente da Fetraf RJ\/ES, Nilton Dami\u00e3o Esperan\u00e7a, al\u00e9m de parabenizar todos e todas que j\u00e1 fizeram parte do SEEB-Maca\u00e9, falou do \u201corgulho\u201d de integrar a Federa\u00e7\u00e3o \u201cum sindicato que representa, n\u00e3o s\u00f3 a categoria banc\u00e1ria, como, tamb\u00e9m, toda a classe trabalhadora\u201d.<\/p>\n<p><strong>Fonte: Contraf-CUT<\/strong><\/p>\n","protected":false},"excerpt":{"rendered":"<p>O Sindicato dos Banc\u00e1rios de Maca\u00e9 e Regi\u00e3o (SEEB-Maca\u00e9), filiado \u00e0 Federa\u00e7\u00e3o dos Trabalhadores do Ramo Financeiro dos Estados do Rio de Janeiro e Esp\u00edrito Santo (Fetraf-RJ\/ES), completou, nesta segunda-feira (25), 31 anos de exist\u00eancia. \u201cReafirmamos o compromisso com toda a categoria de prosseguir com a luta pela manuten\u00e7\u00e3o e preserva\u00e7\u00e3o de nossos direitos trabalhistas [&hellip;]<\/p>\n","protected":false},"author":2,"featured_media":12862,"comment_status":"","ping_status":"","sticky":false,"template":"","format":"standard","meta":{"footnotes":""},"categories":[3],"tags":[],"class_list":["post-12863","post","type-post","status-publish","format-standard","has-post-thumbnail","hentry","category-noticias"],"_links":{"self":[{"href":"https:\/\/hostnetart.com.br\/baixada\/wp-json\/wp\/v2\/posts\/12863","targetHints":{"allow":["GET"]}}],"collection":[{"href":"https:\/\/hostnetart.com.br\/baixada\/wp-json\/wp\/v2\/posts"}],"about":[{"href":"https:\/\/hostnetart.com.br\/baixada\/wp-json\/wp\/v2\/types\/post"}],"author":[{"embeddable":true,"href":"https:\/\/hostnetart.com.br\/baixada\/wp-json\/wp\/v2\/users\/2"}],"replies":[{"embeddable":true,"href":"https:\/\/hostnetart.com.br\/baixada\/wp-json\/wp\/v2\/comments?post=12863"}],"version-history":[{"count":0,"href":"https:\/\/hostnetart.com.br\/baixada\/wp-json\/wp\/v2\/posts\/12863\/revisions"}],"wp:featuredmedia":[{"embeddable":true,"href":"https:\/\/hostnetart.com.br\/baixada\/wp-json\/wp\/v2\/media\/12862"}],"wp:attachment":[{"href":"https:\/\/hostnetart.com.br\/baixada\/wp-json\/wp\/v2\/media?parent=12863"}],"wp:term":[{"taxonomy":"category","embeddable":true,"href":"https:\/\/hostnetart.com.br\/baixada\/wp-json\/wp\/v2\/categories?post=12863"},{"taxonomy":"post_tag","embeddable":true,"href":"https:\/\/hostnetart.com.br\/baixada\/wp-json\/wp\/v2\/tags?post=12863"}],"curies":[{"name":"wp","href":"https:\/\/api.w.org\/{rel}","templated":true}]}}