{"id":12861,"date":"2022-07-26T14:03:56","date_gmt":"2022-07-26T17:03:56","guid":{"rendered":"https:\/\/hostnetart.com.br\/baixada\/sindicato-dos-bancarios-da-baixada-fluminense-protesta-contra-reestruturacoes-em-unidades-de-varejo-do-santander\/"},"modified":"2022-07-26T14:03:56","modified_gmt":"2022-07-26T17:03:56","slug":"sindicato-dos-bancarios-da-baixada-fluminense-protesta-contra-reestruturacoes-em-unidades-de-varejo-do-santander","status":"publish","type":"post","link":"https:\/\/hostnetart.com.br\/baixada\/sindicato-dos-bancarios-da-baixada-fluminense-protesta-contra-reestruturacoes-em-unidades-de-varejo-do-santander\/","title":{"rendered":"Sindicato dos Banc\u00e1rios da Baixada Fluminense protesta contra reestrutura\u00e7\u00f5es em unidades de varejo do Santander"},"content":{"rendered":"<p>O Sindicato dos Banc\u00e1rios da Baixada Fluminense percorreu nesta ter\u00e7a-feira, 26 de julho, ag\u00eancias do Banco Santander, para protestar contra\u00a0reestrutura\u00e7\u00f5es em unidades de varejo da institui\u00e7\u00e3o financeira.\u00a0<\/p>\n<p>As manifesta\u00e7\u00f5es ocorreram nos munic\u00edpios de Duque de Caxias e de S\u00e3o Jo\u00e3o de Meriti.<\/p>\n<p>Em S\u00e3o Jo\u00e3o de Meriti, houve retardamento de uma hora na abertura da ag\u00eancia 3306, localizada no centro.<\/p>\n<p>Em Duque de Caxias,\u00a0foram realizados atos com interven\u00e7\u00f5es no interior das ag\u00eancias, distribui\u00e7\u00e3o de\u00a0informativos\u00a0e exibi\u00e7\u00e3o da faixa sobre a campanha salarial, nas ag\u00eancias Presidente Kennedy e Brigadeiro Lima e Silva.\u00a0<\/p>\n<p>As diretoras e diretores do Sindicato puderam falar com banc\u00e1rias, banc\u00e1rios e popula\u00e7\u00e3o em geral,\u00a0e debater sobre o recente an\u00fancio de reestrutura\u00e7\u00f5es em ag\u00eancias e seus potenciais impactos contra os direitos dos trabalhadores. Al\u00e9m de tentar\u00a0impedir os ataques aos trabalhadores e de estabelecer processo negocial entre as partes, para constru\u00e7\u00e3o de alternativas que n\u00e3o passem por estas, impostas pelo banco. Os dirigentes sindicais tamb\u00e9m falaram sobre a renova\u00e7\u00e3o do aditivo, previsto na Conven\u00e7\u00e3o Coletiva de Trabalho Nacional (CCT), que contempla funcion\u00e1rias e funcion\u00e1rios do banco.<\/p>\n<p>Parte das medidas apresentadas pelo banco, como a extens\u00e3o do hor\u00e1rio de atendimento gerencial das 9h \u00e0s 17h, desde o dia 18 de julho, a terceiriza\u00e7\u00e3o de servi\u00e7os, a extin\u00e7\u00e3o da fun\u00e7\u00e3o de Gerente de Atendimento, al\u00e9m das demiss\u00f5es continuadas, podem atingir um expressivo contingente de funcion\u00e1rios.<\/p>\n<p>Ap\u00f3s os protestos, o banco entrou em contato com a Comiss\u00e3o de Organiza\u00e7\u00e3o dos Empregados (COE) do Santander e se comprometeu a fazer uma conversa presencial para tentar chegar a uma solu\u00e7\u00e3o para o caso.<\/p>\n<p><em>*Confira mais fotos em nossas redes sociais<\/em><\/p>\n","protected":false},"excerpt":{"rendered":"<p>O Sindicato dos Banc\u00e1rios da Baixada Fluminense percorreu nesta ter\u00e7a-feira, 26 de julho, ag\u00eancias do Banco Santander, para protestar contra\u00a0reestrutura\u00e7\u00f5es em unidades de varejo da institui\u00e7\u00e3o financeira.\u00a0 As manifesta\u00e7\u00f5es ocorreram nos munic\u00edpios de Duque de Caxias e de S\u00e3o Jo\u00e3o de Meriti. Em S\u00e3o Jo\u00e3o de Meriti, houve retardamento de uma hora na abertura da [&hellip;]<\/p>\n","protected":false},"author":2,"featured_media":12860,"comment_status":"","ping_status":"","sticky":false,"template":"","format":"standard","meta":{"footnotes":""},"categories":[3],"tags":[],"class_list":["post-12861","post","type-post","status-publish","format-standard","has-post-thumbnail","hentry","category-noticias"],"_links":{"self":[{"href":"https:\/\/hostnetart.com.br\/baixada\/wp-json\/wp\/v2\/posts\/12861","targetHints":{"allow":["GET"]}}],"collection":[{"href":"https:\/\/hostnetart.com.br\/baixada\/wp-json\/wp\/v2\/posts"}],"about":[{"href":"https:\/\/hostnetart.com.br\/baixada\/wp-json\/wp\/v2\/types\/post"}],"author":[{"embeddable":true,"href":"https:\/\/hostnetart.com.br\/baixada\/wp-json\/wp\/v2\/users\/2"}],"replies":[{"embeddable":true,"href":"https:\/\/hostnetart.com.br\/baixada\/wp-json\/wp\/v2\/comments?post=12861"}],"version-history":[{"count":0,"href":"https:\/\/hostnetart.com.br\/baixada\/wp-json\/wp\/v2\/posts\/12861\/revisions"}],"wp:featuredmedia":[{"embeddable":true,"href":"https:\/\/hostnetart.com.br\/baixada\/wp-json\/wp\/v2\/media\/12860"}],"wp:attachment":[{"href":"https:\/\/hostnetart.com.br\/baixada\/wp-json\/wp\/v2\/media?parent=12861"}],"wp:term":[{"taxonomy":"category","embeddable":true,"href":"https:\/\/hostnetart.com.br\/baixada\/wp-json\/wp\/v2\/categories?post=12861"},{"taxonomy":"post_tag","embeddable":true,"href":"https:\/\/hostnetart.com.br\/baixada\/wp-json\/wp\/v2\/tags?post=12861"}],"curies":[{"name":"wp","href":"https:\/\/api.w.org\/{rel}","templated":true}]}}