{"id":1286,"date":"2013-08-09T00:00:00","date_gmt":"2013-08-09T03:00:00","guid":{"rendered":"https:\/\/hostnetart.com.br\/baixada\/negociacoes-comecam-pelas-metas-abusivas-e-bancarios-exigem-solucao\/"},"modified":"2013-08-09T00:00:00","modified_gmt":"2013-08-09T03:00:00","slug":"negociacoes-comecam-pelas-metas-abusivas-e-bancarios-exigem-solucao","status":"publish","type":"post","link":"https:\/\/hostnetart.com.br\/baixada\/negociacoes-comecam-pelas-metas-abusivas-e-bancarios-exigem-solucao\/","title":{"rendered":"Negocia\u00e7\u00f5es come\u00e7am pelas metas abusivas. E banc\u00e1rios exigem solu\u00e7\u00e3o"},"content":{"rendered":"<p>O Comando Nacional dos Banc\u00e1rios, coordenado pela Contraf-CUT, deixou claro aos bancos, na primeira rodada de negocia\u00e7\u00e3o da Campanha 2013, realizada nesta quinta-feira 8 em S\u00e3o Paulo para discutir o tema sa\u00fade e condi\u00e7\u00f5es de trabalho, que n\u00e3o ser\u00e1 poss\u00edvel haver acordo este ano sem solucionar o problema das metas abusivas \u2013 apontadas por dois ter\u00e7os dos banc\u00e1rios como o principal problema existente hoje nos bancos, segundo a consulta nacional realizada pela Contraf-CUT, federa\u00e7\u00f5es e sindicatos entre maio e julho.<\/p>\n<p>\u00a0<\/p>\n<p>\u201cOs bancos falam muito em gest\u00e3o de pessoas, mas o que se v\u00ea \u00e9 apenas a gest\u00e3o do lucro, o que \u00e9 muito diferente. As metas abusivas, que incentivam o ass\u00e9dio moral, s\u00e3o as principais respons\u00e1veis pela epidemia de adoecimentos que existe hoje na categoria, pelo uso crescente de rem\u00e9dios tarja preta, pelo sofrimento e at\u00e9 pelas mortes que j\u00e1 come\u00e7am a ocorrer\u201d, afirma Carlos Cordeiro, presidente da Contraf-CUT e coordenador do Comando Nacional.<\/p>\n<p>\u00a0<\/p>\n<p>Os dirigentes sindicais, que usaram fitas pretas na mesa de negocia\u00e7\u00e3o em sinal de respeito aos mortos, mostraram os n\u00fameros que revelam a trag\u00e9dia enfrentada pela categoria em fun\u00e7\u00e3o das m\u00e1s condi\u00e7\u00f5es de trabalho.<\/p>\n<p>\u00a0<\/p>\n<p>Em 2012, segundo dados dos INSS, 21.144 banc\u00e1rios foram afastados do trabalho por adoecimento, dos quais 25,7% com estresse, depress\u00e3o, s\u00edndrome de p\u00e2nico, transtornos mentais relacionados diretamente ao trabalho. Outros 27% se afastaram em raz\u00e3o de les\u00f5es por esfor\u00e7os repetitivos (LER\/Dort).<\/p>\n<p>\u00a0<\/p>\n<p>E somente nos primeiros tr\u00eas meses deste ano, 4.387 banc\u00e1rios j\u00e1 haviam se afastado por adoecimento, sendo 25,8% por transtornos mentais e 25,4% por LER\/Dort.<\/p>\n<p>\u00a0<\/p>\n<p>Na recente consulta nacional, 18% dos que responderam declararam ter se afastado do trabalho por motivos de doen\u00e7a nos 12 meses anteriores e 19% disseram usar medica\u00e7\u00e3o controlada.<\/p>\n<p>\u00a0<\/p>\n<p>E em rela\u00e7\u00e3o aos problemas de sa\u00fade, 66,4% dos banc\u00e1rios responderam na mesma consulta que as metas abusivas s\u00e3o o mais grave problema enfrentado hoje pela categoria. Outros 58,2% pedem o combate ao ass\u00e9dio moral, enquanto 27,4% assinalaram a falta de seguran\u00e7a contra assaltos e sequestros.<\/p>\n<p>\u00a0<\/p>\n<p>\u00a0<\/p>\n<p><strong>Fim das metas abusivas<\/strong><\/p>\n<p>\u00a0<\/p>\n<p>A proposta sobre metas abusivas apresentada pelo Comando Nacional estabelece que os bancos devem garantir a participa\u00e7\u00e3o de todos os seus trabalhadores na estipula\u00e7\u00e3o de metas e respectivos mecanismos de aferi\u00e7\u00e3o, sendo obrigatoriamente de car\u00e1ter coletivo (e n\u00e3o individual) e definidas por departamentos e ag\u00eancias. Deve-se ainda levar em considera\u00e7\u00e3o o porte da unidade, a regi\u00e3o de localiza\u00e7\u00e3o, o n\u00famero de banc\u00e1rios, a carteira de clientes, o perfil econ\u00f4mico local, a abordagem e o tempo de execu\u00e7\u00e3o das tarefas.<\/p>\n<p>\u00a0<\/p>\n<p>Os banc\u00e1rios reivindicam ainda o fim da cobran\u00e7a di\u00e1ria das metas e que elas deixem de ser mensais e passem a ser semestrais. \u201cO problema n\u00e3o \u00e9 a meta em si, mas a gest\u00e3o das metas, o que envolve a organiza\u00e7\u00e3o do trabalho. \u00c9 preciso que haja um olhar mais coletivo do processo de trabalho. A gest\u00e3o atual das metas virou fator de risco para os trabalhadores\u201d, aponta Walcir Previtale, secret\u00e1rio de Sa\u00fade do Trabalhador da Contraf-CUT.<\/p>\n<p>\u00a0<\/p>\n<p>Os negociadores da Fenaban, no entanto, alegaram que as metas seguem orienta\u00e7\u00f5es t\u00e9cnicas universais para que sejam eficientes e que n\u00e3o \u00e9 poss\u00edvel os sindicatos discutirem o modelo de gest\u00e3o, pois \u00e9 estrat\u00e9gico para cada banco.<\/p>\n<p>\u00a0<\/p>\n<p>O Comando ainda denunciou que a cl\u00e1usula 35\u00aa da Conven\u00e7\u00e3o Coletiva de Trabalho (CCT), que pro\u00edbe a exposi\u00e7\u00e3o do ranking individual dos funcion\u00e1rios, est\u00e1 sendo descumprida pelos bancos. A Fenaban se comprometeu a verificar a situa\u00e7\u00e3o, a fim de que os rankings n\u00e3o sejam mais tornados p\u00fablicos.<\/p>\n<p>\u00a0<\/p>\n<p>\u00a0<\/p>\n<p><strong>A vida acima do lucro<\/strong><\/p>\n<p>\u00a0<\/p>\n<p>\u00a0<\/p>\n<p>O Comando tamb\u00e9m abriu os debates sobre seguran\u00e7a banc\u00e1ria, focando o conceito da prote\u00e7\u00e3o da vida das pessoas e apresentando as principais preocupa\u00e7\u00f5es da categoria. \u201cVerificamos um aumento dos assaltos, sequestros e arrombamentos nos \u00faltimos anos, bem como dos casos de \u2018saidinha de banco\u2019, mostrando a fragilidade da seguran\u00e7a dos estabelecimentos\u201d, destacou Ademir Wiederkehr, secret\u00e1rio de imprensa da Contraf-CUT e coordenador do Coletivo Nacional de Seguran\u00e7a Banc\u00e1ria.<\/p>\n<p>\u00a0<\/p>\n<p>No primeiro semestre deste ano, 30 pessoas foram mortas em assaltos envolvendo bancos, conforme pesquisa nacional da Contraf-CUT e Confedera\u00e7\u00e3o Nacional dos Vigilantes (CNTV), com apoio do Dieese. \u201cUm gerente do Banco do Brasil foi assassinado no Piau\u00ed\u201d, salientou o dirigente sindical.<\/p>\n<p>\u00a0<\/p>\n<p>O n\u00famero de sequestros tamb\u00e9m cresceu assustadoramente. Nos \u00faltimos sete dias, segundo levantamento do Comando, dez banc\u00e1rios foram v\u00edtimas nos estados de S\u00e3o Paulo, Rio Grande do Sul, Paran\u00e1, Pernambuco e Par\u00e1, atingindo gerentes e tesoureiros, os que levam as chaves do banco para casa. \u201cPrecisamos acabar com a guarda das chaves pelos banc\u00e1rios. A abertura das ag\u00eancias e postos deve ser feita por empresas de seguran\u00e7a ou por controle remoto\u201d, disse Ademir.<\/p>\n<p>\u00a0<\/p>\n<p>\u201cAl\u00e9m da preven\u00e7\u00e3o contra assaltos e sequestros, precisamos garantir assist\u00eancia m\u00e9dica, psicol\u00f3gica e medicamentosa, bem como estabilidade ao empregado que foi v\u00edtima dessa viol\u00eancia\u201d, ressaltou o diretor da Contraf-CUT. \u201cA vida deve ser colocada acima do lucro\u201d, enfatizou.<\/p>\n<p>\u00a0<\/p>\n<p>Foi tamb\u00e9m discutido o andamento do projeto-piloto de seguran\u00e7a banc\u00e1ria em Recife, Olinda e Jaboat\u00e3o dos Guararapes. A lista das ag\u00eancias, onde ser\u00e3o instalados os equipamentos previstos, est\u00e1 sendo conclu\u00edda e, depois, ser\u00e3o definidos os nomes do grupo de acompanhamento e agendada a primeira reuni\u00e3o de trabalho.<\/p>\n<p>\u00a0<\/p>\n<p>\u00a0<\/p>\n<p><strong>S\u00f3 a mobiliza\u00e7\u00e3o garante avan\u00e7os<\/strong><\/p>\n<p>\u00a0<\/p>\n<p>\u201cDeixamos claro que a sa\u00fade do trabalhador e as condi\u00e7\u00f5es de trabalho s\u00e3o priorit\u00e1rias na campanha deste ano e que n\u00e3o ser\u00e1 poss\u00edvel acordo se n\u00e3o houver uma solu\u00e7\u00e3o para a quest\u00e3o das metas abusivas\u201d, adverte Carlos Cordeiro. \u201cO Comando espera um retorno sobre essa reivindica\u00e7\u00e3o na pr\u00f3xima rodada de negocia\u00e7\u00e3o\u201d<\/p>\n<p>\u00a0<\/p>\n<p>As negocia\u00e7\u00f5es sobre sa\u00fade, condi\u00e7\u00f5es de trabalho e seguran\u00e7a banc\u00e1ria continuam nesta sexta-feira 9, \u00e0s 9h30.<\/p>\n<p>\u00a0<\/p>\n<p>A segunda rodada de negocia\u00e7\u00e3o foi marcada para os dias 15 e 16, quando ser\u00e1 tratado o tema do emprego.<\/p>\n<p>\u00a0<\/p>\n<p>Mas para avan\u00e7ar a negocia\u00e7\u00e3o, a ousadia, a unidade e a mobiliza\u00e7\u00e3o s\u00e3o fundamentais. Al\u00e9m da press\u00e3o contra o PL 4330 da terceiriza\u00e7\u00e3o nos pr\u00f3ximos dias 13 e 14 em Bras\u00edlia, onde \u00e9 essencial a presen\u00e7a de dirigentes sindicais de todo Brasil, \u00e9 necess\u00e1rio organizar desde j\u00e1 o dia nacional de luta, a ser realizado no dia 22, com passeatas em todo o pa\u00eds.<\/p>\n<p>\u00a0<\/p>\n<p>Vem pra luta, banc\u00e1rio e banc\u00e1ria!<\/p>\n<p>\u00a0<\/p>\n<p>\u00a0<\/p>\n<p><strong>Calend\u00e1rio de mobiliza\u00e7\u00e3o<\/strong><\/p>\n<p>\u00a0<\/p>\n<p>9 \u2013 Continuidade da primeira rodada de negocia\u00e7\u00e3o entre Comando Nacional e Fenaban<br \/>9 \u2013 Primeira rodada de negocia\u00e7\u00e3o entre Comando Nacional e Caixa Econ\u00f4mica Federal<br \/>13 e 14 \u2013 Mobiliza\u00e7\u00e3o em Bras\u00edlia contra PL 4330<br \/>14 \u2013 Primeira rodada de negocia\u00e7\u00e3o entre Comando Nacional e Banco do Brasil<br \/>15 e 16 \u2013 Segunda rodada de negocia\u00e7\u00e3o com a Fenaban sobre o tema Emprego.<br \/>22 \u2013 Dia Nacional de Luta, com passeatas dos banc\u00e1rios<br \/>22 \u2013 Dia Nacional de Luta dos empregados da Caixa<br \/>28 \u2013 Dia do Banc\u00e1rio, com atos de comemora\u00e7\u00e3o e de mobiliza\u00e7\u00e3o<br \/>30 \u2013 Paralisa\u00e7\u00e3o nacional das centrais sindicais pela pauta da classe trabalhadora<\/p>\n<p>\u00a0<br \/>Fonte: Contraf-CUT<\/p>\n","protected":false},"excerpt":{"rendered":"<p>O Comando Nacional dos Banc\u00e1rios, coordenado pela Contraf-CUT, deixou claro aos bancos, na primeira rodada de negocia\u00e7\u00e3o da Campanha 2013, realizada nesta quinta-feira 8 em S\u00e3o Paulo para discutir o tema sa\u00fade e condi\u00e7\u00f5es de trabalho, que n\u00e3o ser\u00e1 poss\u00edvel haver acordo este ano sem solucionar o problema das metas abusivas \u2013 apontadas por dois [&hellip;]<\/p>\n","protected":false},"author":1,"featured_media":0,"comment_status":"","ping_status":"","sticky":false,"template":"","format":"standard","meta":{"footnotes":""},"categories":[3],"tags":[],"class_list":["post-1286","post","type-post","status-publish","format-standard","hentry","category-noticias"],"_links":{"self":[{"href":"https:\/\/hostnetart.com.br\/baixada\/wp-json\/wp\/v2\/posts\/1286","targetHints":{"allow":["GET"]}}],"collection":[{"href":"https:\/\/hostnetart.com.br\/baixada\/wp-json\/wp\/v2\/posts"}],"about":[{"href":"https:\/\/hostnetart.com.br\/baixada\/wp-json\/wp\/v2\/types\/post"}],"author":[{"embeddable":true,"href":"https:\/\/hostnetart.com.br\/baixada\/wp-json\/wp\/v2\/users\/1"}],"replies":[{"embeddable":true,"href":"https:\/\/hostnetart.com.br\/baixada\/wp-json\/wp\/v2\/comments?post=1286"}],"version-history":[{"count":0,"href":"https:\/\/hostnetart.com.br\/baixada\/wp-json\/wp\/v2\/posts\/1286\/revisions"}],"wp:attachment":[{"href":"https:\/\/hostnetart.com.br\/baixada\/wp-json\/wp\/v2\/media?parent=1286"}],"wp:term":[{"taxonomy":"category","embeddable":true,"href":"https:\/\/hostnetart.com.br\/baixada\/wp-json\/wp\/v2\/categories?post=1286"},{"taxonomy":"post_tag","embeddable":true,"href":"https:\/\/hostnetart.com.br\/baixada\/wp-json\/wp\/v2\/tags?post=1286"}],"curies":[{"name":"wp","href":"https:\/\/api.w.org\/{rel}","templated":true}]}}