{"id":12853,"date":"2022-07-22T18:40:18","date_gmt":"2022-07-22T21:40:18","guid":{"rendered":"https:\/\/hostnetart.com.br\/baixada\/negociacao-sobre-teletrabalho-foi-adiada\/"},"modified":"2022-07-22T18:40:18","modified_gmt":"2022-07-22T21:40:18","slug":"negociacao-sobre-teletrabalho-foi-adiada","status":"publish","type":"post","link":"https:\/\/hostnetart.com.br\/baixada\/negociacao-sobre-teletrabalho-foi-adiada\/","title":{"rendered":"Negocia\u00e7\u00e3o sobre teletrabalho foi adiada"},"content":{"rendered":"<p>A pedido da Federa\u00e7\u00e3o Nacional dos Bancos (Fenaban), a reuni\u00e3o para a negocia\u00e7\u00e3o sobre cl\u00e1usulas sociais \u2013 teletrabalho, que aconteceria nesta sexta-feira (22), foi adiada para a pr\u00f3xima ter\u00e7a-feira (26), a partir das 14h.<\/p>\n<p>Acompanhe os sites e redes sociais da Confedera\u00e7\u00e3o Nacional dos Trabalhadores do Ramo Financeiro (Contraf-CUT), das federa\u00e7\u00f5es e sindicatos da categoria banc\u00e1ria para manter-se informado e mobilizado.<\/p>\n<p><strong>Fonte: Contraf-CUT<\/strong><\/p>\n","protected":false},"excerpt":{"rendered":"<p>A pedido da Federa\u00e7\u00e3o Nacional dos Bancos (Fenaban), a reuni\u00e3o para a negocia\u00e7\u00e3o sobre cl\u00e1usulas sociais \u2013 teletrabalho, que aconteceria nesta sexta-feira (22), foi adiada para a pr\u00f3xima ter\u00e7a-feira (26), a partir das 14h. Acompanhe os sites e redes sociais da Confedera\u00e7\u00e3o Nacional dos Trabalhadores do Ramo Financeiro (Contraf-CUT), das federa\u00e7\u00f5es e sindicatos da categoria [&hellip;]<\/p>\n","protected":false},"author":2,"featured_media":12852,"comment_status":"","ping_status":"","sticky":false,"template":"","format":"standard","meta":{"footnotes":""},"categories":[3],"tags":[],"class_list":["post-12853","post","type-post","status-publish","format-standard","has-post-thumbnail","hentry","category-noticias"],"_links":{"self":[{"href":"https:\/\/hostnetart.com.br\/baixada\/wp-json\/wp\/v2\/posts\/12853","targetHints":{"allow":["GET"]}}],"collection":[{"href":"https:\/\/hostnetart.com.br\/baixada\/wp-json\/wp\/v2\/posts"}],"about":[{"href":"https:\/\/hostnetart.com.br\/baixada\/wp-json\/wp\/v2\/types\/post"}],"author":[{"embeddable":true,"href":"https:\/\/hostnetart.com.br\/baixada\/wp-json\/wp\/v2\/users\/2"}],"replies":[{"embeddable":true,"href":"https:\/\/hostnetart.com.br\/baixada\/wp-json\/wp\/v2\/comments?post=12853"}],"version-history":[{"count":0,"href":"https:\/\/hostnetart.com.br\/baixada\/wp-json\/wp\/v2\/posts\/12853\/revisions"}],"wp:featuredmedia":[{"embeddable":true,"href":"https:\/\/hostnetart.com.br\/baixada\/wp-json\/wp\/v2\/media\/12852"}],"wp:attachment":[{"href":"https:\/\/hostnetart.com.br\/baixada\/wp-json\/wp\/v2\/media?parent=12853"}],"wp:term":[{"taxonomy":"category","embeddable":true,"href":"https:\/\/hostnetart.com.br\/baixada\/wp-json\/wp\/v2\/categories?post=12853"},{"taxonomy":"post_tag","embeddable":true,"href":"https:\/\/hostnetart.com.br\/baixada\/wp-json\/wp\/v2\/tags?post=12853"}],"curies":[{"name":"wp","href":"https:\/\/api.w.org\/{rel}","templated":true}]}}