{"id":1285,"date":"2013-08-08T00:00:00","date_gmt":"2013-08-08T03:00:00","guid":{"rendered":"https:\/\/hostnetart.com.br\/baixada\/contraf-cut-reforca-pressao-em-brasilia-contra-pl-4330-nos-dias-13-e-14\/"},"modified":"2013-08-08T00:00:00","modified_gmt":"2013-08-08T03:00:00","slug":"contraf-cut-reforca-pressao-em-brasilia-contra-pl-4330-nos-dias-13-e-14","status":"publish","type":"post","link":"https:\/\/hostnetart.com.br\/baixada\/contraf-cut-reforca-pressao-em-brasilia-contra-pl-4330-nos-dias-13-e-14\/","title":{"rendered":"Contraf-CUT refor\u00e7a press\u00e3o em Bras\u00edlia contra PL 4330 nos dias 13 e 14"},"content":{"rendered":"<p>A Contraf-CUT reafirmou nesta quarta-feira, dia 7, durante a reuni\u00e3o do Comando Nacional dos Banc\u00e1rios, em S\u00e3o Paulo, a import\u00e2ncia da mobiliza\u00e7\u00e3o em Bras\u00edlia na pr\u00f3xima semana contra o PL 4330 da terceiriza\u00e7\u00e3o. O projeto pode ser votado na ter\u00e7a ou quarta-feira, dias 13 e 14, na Comiss\u00e3o de Constitui\u00e7\u00e3o, Justi\u00e7a e Cidadania (CCJC) da C\u00e2mara dos Deputados.<\/p>\n<p>\u00a0<\/p>\n<p>O presidente da Contraf-CUT, Carlos Cordeiro, ressaltou que os banc\u00e1rios est\u00e3o entre as categorias que mais ser\u00e3o prejudicadas, caso o PL 4330 for aprovado. \u201cEsse projeto vai piorar as condi\u00e7\u00f5es prec\u00e1rias de trabalho de quem j\u00e1 est\u00e1 terceirizado e vai empurrar aqueles que hoje n\u00e3o est\u00e3o, como os caixas e os gerentes das ag\u00eancias\u201d, denunciou.<\/p>\n<p>\u00a0<\/p>\n<p>Al\u00e9m disso, Cordeiro lembrou que j\u00e1 est\u00e1 em tramita\u00e7\u00e3o no Senado outro projeto, \u201ct\u00e3o ruim quanto o PL 4330\u2033, de autoria do senador Armando Monteiro Neto (PTB-PE), ex-presidente da Confedera\u00e7\u00e3o Nacional da Ind\u00fastria (CNI).<\/p>\n<p>\u00a0<\/p>\n<p>Para o secret\u00e1rio de Organiza\u00e7\u00e3o do Ramo Financeiro da Contraf-CUT, Miguel Pereira, a mobiliza\u00e7\u00e3o dos trabalhadores \u00e9 fundamental para evitar a aprova\u00e7\u00e3o desses projetos que liberam por inteiro a terceiriza\u00e7\u00e3o no pa\u00eds.<\/p>\n<p>\u00a0<\/p>\n<p>\u201cFoi a presen\u00e7a dos banc\u00e1rios que fez a diferen\u00e7a em 11 de junho e em 10 de julho, quando o PL 4330 esteve prestes de ser votado na CCJC da C\u00e2mara\u201d, apontou. \u201cA press\u00e3o dos trabalhadores garantiu a abertura de um processo de negocia\u00e7\u00e3o, atrav\u00e9s da mesa quadripartite, que volta a se reunir na pr\u00f3xima segunda-feira, dia 12\u2033.<\/p>\n<p>\u00a0<\/p>\n<p>Miguel refor\u00e7ou a convoca\u00e7\u00e3o j\u00e1 enviada pela Contraf-CUT aos sindicatos e federa\u00e7\u00f5es para que participem da mobiliza\u00e7\u00e3o em Bras\u00edlia, a fim de visitar os gabinetes dos deputados e lotar a sala de reuni\u00f5es da CCJC da C\u00e2mara.<\/p>\n<p>\u00a0<\/p>\n<p>A CUT tamb\u00e9m promover\u00e1 na ter\u00e7a-feira uma vig\u00edlia diante do Congresso Nacional. Os trabalhadores far\u00e3o um acampamento, onde passar\u00e3o a noite para protestar e cobrar que os parlamentares se posicionem contra o PL 4330.<\/p>\n<p>\u00a0<\/p>\n<p>\u201cPa\u00eds de primeira n\u00e3o pode ter emprego de terceira\u201d, concluiu Miguel.<\/p>\n<p>\u00a0<\/p>\n<p>Fonte: Contraf-CUT<\/p>\n","protected":false},"excerpt":{"rendered":"<p>A Contraf-CUT reafirmou nesta quarta-feira, dia 7, durante a reuni\u00e3o do Comando Nacional dos Banc\u00e1rios, em S\u00e3o Paulo, a import\u00e2ncia da mobiliza\u00e7\u00e3o em Bras\u00edlia na pr\u00f3xima semana contra o PL 4330 da terceiriza\u00e7\u00e3o. O projeto pode ser votado na ter\u00e7a ou quarta-feira, dias 13 e 14, na Comiss\u00e3o de Constitui\u00e7\u00e3o, Justi\u00e7a e Cidadania (CCJC) da [&hellip;]<\/p>\n","protected":false},"author":1,"featured_media":0,"comment_status":"","ping_status":"","sticky":false,"template":"","format":"standard","meta":{"footnotes":""},"categories":[3],"tags":[],"class_list":["post-1285","post","type-post","status-publish","format-standard","hentry","category-noticias"],"_links":{"self":[{"href":"https:\/\/hostnetart.com.br\/baixada\/wp-json\/wp\/v2\/posts\/1285","targetHints":{"allow":["GET"]}}],"collection":[{"href":"https:\/\/hostnetart.com.br\/baixada\/wp-json\/wp\/v2\/posts"}],"about":[{"href":"https:\/\/hostnetart.com.br\/baixada\/wp-json\/wp\/v2\/types\/post"}],"author":[{"embeddable":true,"href":"https:\/\/hostnetart.com.br\/baixada\/wp-json\/wp\/v2\/users\/1"}],"replies":[{"embeddable":true,"href":"https:\/\/hostnetart.com.br\/baixada\/wp-json\/wp\/v2\/comments?post=1285"}],"version-history":[{"count":0,"href":"https:\/\/hostnetart.com.br\/baixada\/wp-json\/wp\/v2\/posts\/1285\/revisions"}],"wp:attachment":[{"href":"https:\/\/hostnetart.com.br\/baixada\/wp-json\/wp\/v2\/media?parent=1285"}],"wp:term":[{"taxonomy":"category","embeddable":true,"href":"https:\/\/hostnetart.com.br\/baixada\/wp-json\/wp\/v2\/categories?post=1285"},{"taxonomy":"post_tag","embeddable":true,"href":"https:\/\/hostnetart.com.br\/baixada\/wp-json\/wp\/v2\/tags?post=1285"}],"curies":[{"name":"wp","href":"https:\/\/api.w.org\/{rel}","templated":true}]}}