{"id":12849,"date":"2022-07-21T14:09:29","date_gmt":"2022-07-21T17:09:29","guid":{"rendered":"https:\/\/hostnetart.com.br\/baixada\/canceladas-negociacoes-desta-semana-com-a-caixa\/"},"modified":"2022-07-21T14:09:29","modified_gmt":"2022-07-21T17:09:29","slug":"canceladas-negociacoes-desta-semana-com-a-caixa","status":"publish","type":"post","link":"https:\/\/hostnetart.com.br\/baixada\/canceladas-negociacoes-desta-semana-com-a-caixa\/","title":{"rendered":"Canceladas negocia\u00e7\u00f5es desta semana com a Caixa"},"content":{"rendered":"<p>A negocia\u00e7\u00f5es entre a Comiss\u00e3o Executiva dos Empregados (CEE) da Caixa Econ\u00f4mica Federal com o banco, que haviam sido agendadas para esta semana (quarta-feira, 20, e quinta-feira, 21), para dar continuidade \u00e0s negocia\u00e7\u00f5es para a renova\u00e7\u00e3o do Acordo Coletivo de Trabalho (ACT) espec\u00edfico dos empregados foram canceladas em decorr\u00eancia da morte de um dos diretores do banco. As novas datas ainda n\u00e3o foram remarcadas.<\/p>\n<p>\u201cO cancelamento \u00e9 justific\u00e1vel. Acreditamos que o mais importante \u00e9 o fator humano que est\u00e1 envolvido\u201d, disse o coordenador da CEE, Clot\u00e1rio Cardoso. Os debates desta quarta-feira (20) iam girar em torno da \u201cjornada e das condi\u00e7\u00f5es de trabalho\u201d dos empregados e os de quinta-feira (21), sobre \u201cSa\u00fade do trabalhador e Sa\u00fade Caixa\u201d.<\/p>\n<p>\u201cOs debates sobre estes temas ser\u00e3o remanejados. Divulgaremos as novas datas assim que o novo calend\u00e1rio for definido\u201d, disse Cardoso.<\/p>\n<p><strong>Fonte: Contraf-CUT<\/strong><\/p>\n","protected":false},"excerpt":{"rendered":"<p>A negocia\u00e7\u00f5es entre a Comiss\u00e3o Executiva dos Empregados (CEE) da Caixa Econ\u00f4mica Federal com o banco, que haviam sido agendadas para esta semana (quarta-feira, 20, e quinta-feira, 21), para dar continuidade \u00e0s negocia\u00e7\u00f5es para a renova\u00e7\u00e3o do Acordo Coletivo de Trabalho (ACT) espec\u00edfico dos empregados foram canceladas em decorr\u00eancia da morte de um dos diretores [&hellip;]<\/p>\n","protected":false},"author":2,"featured_media":12848,"comment_status":"","ping_status":"","sticky":false,"template":"","format":"standard","meta":{"footnotes":""},"categories":[3],"tags":[],"class_list":["post-12849","post","type-post","status-publish","format-standard","has-post-thumbnail","hentry","category-noticias"],"_links":{"self":[{"href":"https:\/\/hostnetart.com.br\/baixada\/wp-json\/wp\/v2\/posts\/12849","targetHints":{"allow":["GET"]}}],"collection":[{"href":"https:\/\/hostnetart.com.br\/baixada\/wp-json\/wp\/v2\/posts"}],"about":[{"href":"https:\/\/hostnetart.com.br\/baixada\/wp-json\/wp\/v2\/types\/post"}],"author":[{"embeddable":true,"href":"https:\/\/hostnetart.com.br\/baixada\/wp-json\/wp\/v2\/users\/2"}],"replies":[{"embeddable":true,"href":"https:\/\/hostnetart.com.br\/baixada\/wp-json\/wp\/v2\/comments?post=12849"}],"version-history":[{"count":0,"href":"https:\/\/hostnetart.com.br\/baixada\/wp-json\/wp\/v2\/posts\/12849\/revisions"}],"wp:featuredmedia":[{"embeddable":true,"href":"https:\/\/hostnetart.com.br\/baixada\/wp-json\/wp\/v2\/media\/12848"}],"wp:attachment":[{"href":"https:\/\/hostnetart.com.br\/baixada\/wp-json\/wp\/v2\/media?parent=12849"}],"wp:term":[{"taxonomy":"category","embeddable":true,"href":"https:\/\/hostnetart.com.br\/baixada\/wp-json\/wp\/v2\/categories?post=12849"},{"taxonomy":"post_tag","embeddable":true,"href":"https:\/\/hostnetart.com.br\/baixada\/wp-json\/wp\/v2\/tags?post=12849"}],"curies":[{"name":"wp","href":"https:\/\/api.w.org\/{rel}","templated":true}]}}