{"id":12845,"date":"2022-07-20T18:02:45","date_gmt":"2022-07-20T21:02:45","guid":{"rendered":"https:\/\/hostnetart.com.br\/baixada\/o-que-ja-se-sabe-sobre-a-morte-do-diretor-da-caixa-responsavel-por-investigacao-sobre-assedio\/"},"modified":"2022-07-20T18:02:45","modified_gmt":"2022-07-20T21:02:45","slug":"o-que-ja-se-sabe-sobre-a-morte-do-diretor-da-caixa-responsavel-por-investigacao-sobre-assedio","status":"publish","type":"post","link":"https:\/\/hostnetart.com.br\/baixada\/o-que-ja-se-sabe-sobre-a-morte-do-diretor-da-caixa-responsavel-por-investigacao-sobre-assedio\/","title":{"rendered":"O que j\u00e1 se sabe sobre a morte do diretor da Caixa respons\u00e1vel por investiga\u00e7\u00e3o sobre ass\u00e9dio"},"content":{"rendered":"<p>A Pol\u00edcia Civil do Distrito Federal investiga a morte do diretor de Controles Internos e Integridade da\u00a0<a href=\"https:\/\/www.brasildefato.com.br\/2022\/06\/29\/assedio-sexual-na-caixa-servidores-temem-por-seguranca-de-autoras-de-denuncia-contra-guimaraes\" target=\"_blank\" rel=\"noopener noreferrer\">Caixa Econ\u00f4mica Federal<\/a>\u00a0(Decoi), S\u00e9rgio Ricardo Faustino Batista. O corpo\u00a0foi encontrado na \u00e1rea externa da sede do banco em Bras\u00edlia na noite dessa\u00a0ter\u00e7a-feira (19) por dois seguran\u00e7as de plant\u00e3o.<\/p>\n<p>Respons\u00e1vel pelo acompanhamento de den\u00fancias feitas dentro da institui\u00e7\u00e3o, a Decoi deveria ter papel essencial nas acusa\u00e7\u00f5es de\u00a0<a href=\"https:\/\/www.brasildefato.com.br\/2022\/07\/01\/misoginia-machismo-e-falocentrismo-o-que-o-assedio-na-caixa-diz-sobre-governo-bolsonaro\" target=\"_blank\" rel=\"noopener noreferrer\">ass\u00e9dio sexual e moral<\/a>\u00a0feitas contra o\u00a0ex-presidente da Caixa Pedro Guimar\u00e3es.<\/p>\n<p>Ele deixou o cargo em junho ap\u00f3s os relatos de\u00a0<a href=\"https:\/\/www.brasildefato.com.br\/2022\/07\/04\/bancarios-realizam-atos-em-todo-o-pais-contra-assedio-sexual-na-caixa\" target=\"_blank\" rel=\"noopener noreferrer\">cinco funcion\u00e1rias do banco<\/a>\u00a0virem a p\u00fablico. Na \u00e9poca, foram levantadas suspeitas de que a\u00a0institui\u00e7\u00e3o j\u00e1 havia sido informada das den\u00fancias e tentou abafar o caso.<\/p>\n<p>A Caixa admitiu ter conhecimento das acusa\u00e7\u00f5es, mas n\u00e3o informou mais detalhes sobre o caso. Faustino fazia parte da equipe que atuava diretamente com o gabinete da presid\u00eancia.<\/p>\n<p>Em depoimentos e entrevistas funcion\u00e1rias do banco contaram que o problema come\u00e7ou em 2019 e que havia temor\u00a0em denunciar o ass\u00e9dio, porque a dire\u00e7\u00e3o do banco atuava para acobertar as acusa\u00e7\u00f5es e intimidar as v\u00edtimas.<\/p>\n<p class=\"ckeditor-img-caption\"><img decoding=\"async\" src=\"https:\/\/images01.brasildefato.com.br\/a8d88024fa34e11ea2818099173a0923.jpeg\" \/><br \/>Pedro Guimar\u00e3es, Jair Bolsonaro e Fl\u00e1vio Bolsonaro: presidente da Caixa \u00e9 pr\u00f3ximo \u00e0 fam\u00edlia presidencial \/ Isaac N\u00f3brega\/PR<\/p>\n<p>Ele era servidor de carreira desde 1989. Ele alcan\u00e7ou o cargo de Diretor Executivo na gest\u00e3o de Guimar\u00e3es. Teve o nome aprovado por unanimidade pelo Conselho de Administra\u00e7\u00e3o do banco em fevereiro deste ano e tomou posso em mar\u00e7o.<\/p>\n<p>De acordo com o site da Caixa, ele tem experi\u00eancia de mais de vinte anos na \u00e1rea de Controles Internos e Risco e passou por processo seletivo para ocupar a chefia da Decoi. A p\u00e1gina informa ainda que Faustino\u00a0exerceu diversas fun\u00e7\u00f5es gerenciais na institui\u00e7\u00e3o.\u00a0<\/p>\n<p>S\u00e9rgio Ricardo Faustino Batista \u00e9 natural de Teresina, capital do Piau\u00ed e morreu aos 54 anos. Ele se graduou em economia em Bras\u00edlia e tem especializa\u00e7\u00f5es e mestrado na \u00e1rea.<\/p>\n<p>A Pol\u00edcia Civil do Distrito Federal informou que, inicialmente, as investiga\u00e7\u00f5es apontam para suic\u00eddio. O telefone celular de Faustino foi encontrado e ser\u00e1 periciado.<\/p>\n<p>Em nota, a Caixa Econ\u00f4mica Federal manifestou pesar pela morte do servidor e informou que colabora com as investiga\u00e7\u00f5es.<\/p>\n<p>Tamb\u00e9m em nota,\u00a0Sergio Takemoto, presidente da Federa\u00e7\u00e3o Nacional das Associa\u00e7\u00f5es do Pessoal da Caixa Econ\u00f4mica Federal (Fenae) disse que a federa\u00e7\u00e3o acompanhar\u00e1 os desdobramentos do caso e que se solidariza com a fam\u00edlia, colegas de trabalho e fam\u00edlia. &#8220;A gest\u00e3o por medo de Pedro Guimar\u00e3es deixou os trabalhadores doentes e a pesquisa da Fenae confirmou isso. Mesmo que a Caixa esteja implementando mudan\u00e7as, n\u00f3s observamos que n\u00e3o h\u00e1 nada de novo&#8221;, ressaltou.<\/p>\n<p>A Federa\u00e7\u00e3o Nacional das Associa\u00e7\u00f5es do Pessoal da Caixa Econ\u00f4mica Federal (Fenae), em manuten\u00e7\u00e3o do seu papel de defesa e valoriza\u00e7\u00e3o dos empregados da Caixa, lamenta profundamente a trag\u00e9dia ocorrida com o empregado da Caixa e solidariza-se com a fam\u00edlia, colegas de trabalho e amigos. A Federa\u00e7\u00e3o acompanhar\u00e1 os desdobramentos do caso.<br \/>\u00a0<\/p>\n<hr \/>\n<p>Se voc\u00ea est\u00e1 em sofrimento ps\u00edquico, procure ajuda profissional. O Minist\u00e9rio da Sa\u00fade disponibiliza um lista de canais e locais de apoio:<\/p>\n<p><strong>Servi\u00e7os de sa\u00fade<\/strong><\/p>\n<p>CAPS e Unidades B\u00e1sicas de Sa\u00fade: (Sa\u00fade da fam\u00edlia, Postos e Centros de Sa\u00fade).<\/p>\n<p><strong>Emerg\u00eancia<\/strong><\/p>\n<p>Emerg\u00eancia SAMU 192, UPA, Pronto Socorro e Hospitais.<\/p>\n<p><strong>Centro de Valoriza\u00e7\u00e3o da Vida \u2013 CVV<\/strong><\/p>\n<p>141 (liga\u00e7\u00e3o paga) ou\u00a0<a href=\"http:\/\/www.cvv.org.br\/\" target=\"_blank\" rel=\"noopener noreferrer\">www.cvv.org.br<\/a>\u00a0para chat, Skype, e-mail e mais informa\u00e7\u00f5es sobre liga\u00e7\u00e3o gratuita.<\/p>\n<p>Liga\u00e7\u00e3o 188 gratuita no estado do Rio Grande do Sul, em parceria SUS e CVV (para demais estados consulte calend\u00e1rio de implanta\u00e7\u00e3o da linha gratuita em\u00a0<a href=\"http:\/\/www.cvv.org.br\/\" target=\"_blank\" rel=\"noopener noreferrer\">www.cvv.org.br<\/a>\u00a0ou\u00a0<a href=\"http:\/\/www.saude.gov.br\/\" target=\"_blank\" rel=\"noopener noreferrer\">www.saude.gov.br<\/a>)<\/p>\n<p><span style=\"text-decoration: underline;\"><strong>Fonte:\u00a0Brasil de Fato<\/strong><\/span><\/p>\n<p>\u00a0<\/p>\n","protected":false},"excerpt":{"rendered":"<p>A Pol\u00edcia Civil do Distrito Federal investiga a morte do diretor de Controles Internos e Integridade da\u00a0Caixa Econ\u00f4mica Federal\u00a0(Decoi), S\u00e9rgio Ricardo Faustino Batista. O corpo\u00a0foi encontrado na \u00e1rea externa da sede do banco em Bras\u00edlia na noite dessa\u00a0ter\u00e7a-feira (19) por dois seguran\u00e7as de plant\u00e3o. Respons\u00e1vel pelo acompanhamento de den\u00fancias feitas dentro da institui\u00e7\u00e3o, a Decoi [&hellip;]<\/p>\n","protected":false},"author":2,"featured_media":12844,"comment_status":"","ping_status":"","sticky":false,"template":"","format":"standard","meta":{"footnotes":""},"categories":[3],"tags":[],"class_list":["post-12845","post","type-post","status-publish","format-standard","has-post-thumbnail","hentry","category-noticias"],"_links":{"self":[{"href":"https:\/\/hostnetart.com.br\/baixada\/wp-json\/wp\/v2\/posts\/12845","targetHints":{"allow":["GET"]}}],"collection":[{"href":"https:\/\/hostnetart.com.br\/baixada\/wp-json\/wp\/v2\/posts"}],"about":[{"href":"https:\/\/hostnetart.com.br\/baixada\/wp-json\/wp\/v2\/types\/post"}],"author":[{"embeddable":true,"href":"https:\/\/hostnetart.com.br\/baixada\/wp-json\/wp\/v2\/users\/2"}],"replies":[{"embeddable":true,"href":"https:\/\/hostnetart.com.br\/baixada\/wp-json\/wp\/v2\/comments?post=12845"}],"version-history":[{"count":0,"href":"https:\/\/hostnetart.com.br\/baixada\/wp-json\/wp\/v2\/posts\/12845\/revisions"}],"wp:featuredmedia":[{"embeddable":true,"href":"https:\/\/hostnetart.com.br\/baixada\/wp-json\/wp\/v2\/media\/12844"}],"wp:attachment":[{"href":"https:\/\/hostnetart.com.br\/baixada\/wp-json\/wp\/v2\/media?parent=12845"}],"wp:term":[{"taxonomy":"category","embeddable":true,"href":"https:\/\/hostnetart.com.br\/baixada\/wp-json\/wp\/v2\/categories?post=12845"},{"taxonomy":"post_tag","embeddable":true,"href":"https:\/\/hostnetart.com.br\/baixada\/wp-json\/wp\/v2\/tags?post=12845"}],"curies":[{"name":"wp","href":"https:\/\/api.w.org\/{rel}","templated":true}]}}