{"id":12843,"date":"2022-07-20T17:58:33","date_gmt":"2022-07-20T20:58:33","guid":{"rendered":"https:\/\/hostnetart.com.br\/baixada\/movimento-sindical-bancario-se-une-ao-movimento-popular-por-educacao-publica-de-qualidade\/"},"modified":"2022-07-20T17:58:33","modified_gmt":"2022-07-20T20:58:33","slug":"movimento-sindical-bancario-se-une-ao-movimento-popular-por-educacao-publica-de-qualidade","status":"publish","type":"post","link":"https:\/\/hostnetart.com.br\/baixada\/movimento-sindical-bancario-se-une-ao-movimento-popular-por-educacao-publica-de-qualidade\/","title":{"rendered":"Movimento Sindical Banc\u00e1rio se une ao movimento popular por educa\u00e7\u00e3o p\u00fablica de qualidade"},"content":{"rendered":"<p>O Movimento Sindical Banc\u00e1rio, atrav\u00e9s da Confedera\u00e7\u00e3o Nacional dos Trabalhadores do Ramo Financeiro (Contraf-CUT), da qual\u00a0o Sindicato dos Banc\u00e1rios da Baixada Fluminense \u00e9 filiado,\u00a0manifestou apoio ao movimento em defesa da educa\u00e7\u00e3o p\u00fablica de qualidade. O compromisso foi firmado na 2\u00aa Confer\u00eancia Nacional Popular de Educa\u00e7\u00e3o (Conape), em documento de apoio enviado ao <a href=\"https:\/\/fnpe.com.br\/\" target=\"_blank\" rel=\"noopener noreferrer\">F\u00f3rum Nacional Popular da Educa\u00e7\u00e3o (FNPE)<\/a>, que organizou o evento, em Natal, de 15 a 17 de julho.<\/p>\n<p>O encontro, que reuniu movimentos sociais de todo o pa\u00eds em defesa do ensino p\u00fablico, gratuito, laico e de boa qualidade, discutiu caminhos para ampliar a luta pela educa\u00e7\u00e3o universal, desmilitarizada, democr\u00e1tica, popular, com participa\u00e7\u00e3o social e em defesa do legado do educador Paulo Freire.<\/p>\n<p>No \u00faltimo dia do evento, com a participa\u00e7\u00e3o de cerca de 2,5 mil pessoas, foi aprovada a\u00a0<a href=\"https:\/\/fnpe.com.br\/carta-de-natal-conape-da-esperanca\/\" target=\"_blank\" rel=\"noopener noreferrer\">Carta de Natal<\/a>, com esse compromisso. Em um trecho, o texto diz que est\u00e1 sendo proposta \u201cuma plataforma em defesa do Estado democr\u00e1tico de direito, em defesa das institui\u00e7\u00f5es republicanas, da vida e da soberania popular, dos direitos sociais e da educa\u00e7\u00e3o, que mobilize ainda mais o amplo setor da sociedade\u201d.<\/p>\n<p>Entre as principais bandeiras de lutas das trabalhadoras e trabalhadores da educa\u00e7\u00e3o, apresentadas na Conape, est\u00e3o a revoga\u00e7\u00e3o da Emenda Constitucional 95, que limita investimentos em sa\u00fade e educa\u00e7\u00e3o, e de outras medidas que fragilizam as pol\u00edticas sociais; a retomada de investimento na educa\u00e7\u00e3o p\u00fablica e em outras \u00e1reas sociais; e o fim do congelamento dos recursos prim\u00e1rios associados ao poder executivo; entre outras.<\/p>\n<p>\u201cA presen\u00e7a da Contraf-CUT na Conape 2022 \u00e9 uma importante manifesta\u00e7\u00e3o de unidade da classe trabalhadora em defesa das causas populares e democr\u00e1ticas, como a educa\u00e7\u00e3o p\u00fablica, laica, gratuita e universal\u201d, disse o secret\u00e1rio de Forma\u00e7\u00e3o Sindical da Contraf-CUT, Rafael Zanon, que participou do evento. \u201cA uni\u00e3o ser\u00e1 decisiva para que seja revertido o desmonte da educa\u00e7\u00e3o que ocorre no pa\u00eds desde 2016, com o golpe contra a presidenta Dilma, e que ganhou no atual governo propor\u00e7\u00f5es nunca vistas antes\u201d, completou.<\/p>\n<p>Veja a seguir o documento de apoio ao movimento pela educa\u00e7\u00e3o, enviado ao FNPE pela Contraf-CUT.<\/p>\n<h3><strong><em>Contraf-CUT e trabalhadores e trabalhadoras do ramo financeiro presentes na Conape 2022<\/em><\/strong><\/h3>\n<p><em>O direito a uma educa\u00e7\u00e3o p\u00fablica gratuita, de qualidade e universal \u00e9 uma luta permanente dos movimentos sociais e se insere nas pautas de reivindica\u00e7\u00e3o e mobiliza\u00e7\u00e3o tamb\u00e9m dos sindicatos. A Confedera\u00e7\u00e3o dos Trabalhadores e Trabalhadoras do Ramo Financeiro se junta a esse movimento, participando e apoiando a Confer\u00eancia Nacional Popular de Educa\u00e7\u00e3o 2022, por entender que a constru\u00e7\u00e3o coletiva na defesa da educa\u00e7\u00e3o \u00e9 papel de toda popula\u00e7\u00e3o.<\/p>\n<p>O Brasil \u00e9 um dos pa\u00edses mais desiguais do planeta e o sistema educacional atual acaba por reproduzir e acentuar esse abismo. As grandes redes educacionais privadas, ao mesmo tempo que propagam uma educa\u00e7\u00e3o n\u00e3o inclusiva ao incentivar e buscar uma educa\u00e7\u00e3o paga, que vise o lucro e atenda aos interesses do mercado privado, utilizam sua influ\u00eancia pol\u00edtica e poder econ\u00f4mico para atacar de todas as formas a educa\u00e7\u00e3o p\u00fablica, seja no Congresso Nacional ou nos governos neoliberais, que precarizam e sucateiam a educa\u00e7\u00e3o p\u00fablica. Tamb\u00e9m contam com apoio da grande m\u00eddia em campanhas que enfraquecem a imagem da educa\u00e7\u00e3o p\u00fablica na popula\u00e7\u00e3o.<\/p>\n<p>O objetivo do projeto neoliberal \u00e9 a privatiza\u00e7\u00e3o de todos os bens p\u00fablicos a servi\u00e7o da popula\u00e7\u00e3o, incluindo a educa\u00e7\u00e3o, a seguran\u00e7a, a sa\u00fade e o sistema financeiro.<\/p>\n<p>As experi\u00eancias privatistas mostram que esse caminho exclui e desumaniza, divide as pessoas em classes sociais com diferentes acessos e direitos, transforma os cidad\u00e3os em apenas consumidores e os servi\u00e7os p\u00fablicos em mercadoria. A educa\u00e7\u00e3o n\u00e3o pode ser mercadoria. A sa\u00fade n\u00e3o pode ser mercadoria, o acesso aos bancos deve ser universal e a seguran\u00e7a deve estar a servi\u00e7o de todos e todas.<\/p>\n<p>Assim como a luta na defesa do direito de todas as pessoas terem acesso ao sistema financeiro e a luta em defesa dos bancos p\u00fablicos brasileiros n\u00e3o cabem apenas a n\u00f3s trabalhadores do ramo financeiro, seria injusto depositar a luta em defesa da educa\u00e7\u00e3o p\u00fablica apenas aos profissionais da educa\u00e7\u00e3o. Por isso a Contraf-CUT e os trabalhadores e trabalhadoras do ramo financeiro somam for\u00e7as nesse caminho. Apoiamos as delibera\u00e7\u00f5es da Conape 2022 e subscrevemos juntos a\u00a0<\/em><a href=\"https:\/\/fnpe.com.br\/carta-de-natal-conape-da-esperanca\/\" target=\"_blank\" rel=\"noopener noreferrer\"><em>Carta de Natal 2022<\/em><\/a><em>.<\/em><\/p>\n<p><strong>Fonte: Contraf-CUT<\/strong><\/p>\n","protected":false},"excerpt":{"rendered":"<p>O Movimento Sindical Banc\u00e1rio, atrav\u00e9s da Confedera\u00e7\u00e3o Nacional dos Trabalhadores do Ramo Financeiro (Contraf-CUT), da qual\u00a0o Sindicato dos Banc\u00e1rios da Baixada Fluminense \u00e9 filiado,\u00a0manifestou apoio ao movimento em defesa da educa\u00e7\u00e3o p\u00fablica de qualidade. O compromisso foi firmado na 2\u00aa Confer\u00eancia Nacional Popular de Educa\u00e7\u00e3o (Conape), em documento de apoio enviado ao F\u00f3rum Nacional Popular [&hellip;]<\/p>\n","protected":false},"author":2,"featured_media":12842,"comment_status":"","ping_status":"","sticky":false,"template":"","format":"standard","meta":{"footnotes":""},"categories":[3],"tags":[],"class_list":["post-12843","post","type-post","status-publish","format-standard","has-post-thumbnail","hentry","category-noticias"],"_links":{"self":[{"href":"https:\/\/hostnetart.com.br\/baixada\/wp-json\/wp\/v2\/posts\/12843","targetHints":{"allow":["GET"]}}],"collection":[{"href":"https:\/\/hostnetart.com.br\/baixada\/wp-json\/wp\/v2\/posts"}],"about":[{"href":"https:\/\/hostnetart.com.br\/baixada\/wp-json\/wp\/v2\/types\/post"}],"author":[{"embeddable":true,"href":"https:\/\/hostnetart.com.br\/baixada\/wp-json\/wp\/v2\/users\/2"}],"replies":[{"embeddable":true,"href":"https:\/\/hostnetart.com.br\/baixada\/wp-json\/wp\/v2\/comments?post=12843"}],"version-history":[{"count":0,"href":"https:\/\/hostnetart.com.br\/baixada\/wp-json\/wp\/v2\/posts\/12843\/revisions"}],"wp:featuredmedia":[{"embeddable":true,"href":"https:\/\/hostnetart.com.br\/baixada\/wp-json\/wp\/v2\/media\/12842"}],"wp:attachment":[{"href":"https:\/\/hostnetart.com.br\/baixada\/wp-json\/wp\/v2\/media?parent=12843"}],"wp:term":[{"taxonomy":"category","embeddable":true,"href":"https:\/\/hostnetart.com.br\/baixada\/wp-json\/wp\/v2\/categories?post=12843"},{"taxonomy":"post_tag","embeddable":true,"href":"https:\/\/hostnetart.com.br\/baixada\/wp-json\/wp\/v2\/tags?post=12843"}],"curies":[{"name":"wp","href":"https:\/\/api.w.org\/{rel}","templated":true}]}}