{"id":12837,"date":"2022-07-19T17:17:53","date_gmt":"2022-07-19T20:17:53","guid":{"rendered":"https:\/\/hostnetart.com.br\/baixada\/funcionarios-do-bb-cobram-da-cassi-posicionamento-sobre-nova-regra-da-ans\/"},"modified":"2022-07-19T17:17:53","modified_gmt":"2022-07-19T20:17:53","slug":"funcionarios-do-bb-cobram-da-cassi-posicionamento-sobre-nova-regra-da-ans","status":"publish","type":"post","link":"https:\/\/hostnetart.com.br\/baixada\/funcionarios-do-bb-cobram-da-cassi-posicionamento-sobre-nova-regra-da-ans\/","title":{"rendered":"Funcion\u00e1rios do BB cobram da Cassi posicionamento sobre nova regra da ANS"},"content":{"rendered":"<p>A Ag\u00eancia Nacional de Sa\u00fade Suplementar (ANS) publicar\u00e1 em 1\u00ba de agosto, no Di\u00e1rio Oficial da Uni\u00e3o, a nova regra que determina que os planos de sa\u00fade n\u00e3o poder\u00e3o mais limitar o n\u00famero de consultas e sess\u00f5es com psic\u00f3logos, fonoaudi\u00f3logos, terapeutas ocupacionais e fisioterapeutas. A Caixa de Assist\u00eancia dos Funcion\u00e1rios do Banco do Brasil (Cassi) ainda n\u00e3o se manifestou sobre a medida, aprovada no in\u00edcio de julho pela ANS e que passar\u00e1 a valer com a publica\u00e7\u00e3o.<\/p>\n<p>\u201cA aten\u00e7\u00e3o \u00e0 sa\u00fade psicol\u00f3gica e at\u00e9 mesmo f\u00edsica dos banc\u00e1rios, com les\u00f5es por esfor\u00e7o repetitivo e dist\u00farbios osteomusculares (LER\/DORT), \u00e9 necess\u00e1ria e urgente. O fim da limita\u00e7\u00e3o do n\u00famero de consultas para o tratamento desses problemas pela Cassi sempre foi uma reivindica\u00e7\u00e3o nossa\u201d, aponta o coordenador da Comiss\u00e3o de Empresa dos Funcion\u00e1rios do Banco do Brasil (CEBB), Jo\u00e3o Fukunaga. A categoria est\u00e1 entre as mais afetadas por doen\u00e7as do trabalho, fen\u00f4meno intimamente relacionado \u00e0s press\u00f5es por metas, ac\u00famulos de fun\u00e7\u00f5es e a sobrecarga comuns \u00e0 atual rotina do banc\u00e1rio.<\/p>\n<p>Antes da decis\u00e3o da ANS, os planos eram obrigados a conceder uma cobertura m\u00ednima, que variava de 12 a 18 sess\u00f5es por ano, podendo chegar a 40 ao ano, dependendo do transtorno tratado. \u201cEssa quantidade sempre foi insuficiente para a demanda real das banc\u00e1rias e banc\u00e1rios\u201d, ressalta Jo\u00e3o.<\/p>\n<p>Segundo dados do INSS,\u00a0<a href=\"https:\/\/contrafcut.com.br\/noticias\/tecnicas-do-dieese-abordam-adoecimento-bancario-em-10a-carta-de-conjuntura\/\">compilados pelo Departamento Intersindical de Estudos e Estat\u00edsticas Socioecon\u00f4micas (Dieese)<\/a>, entre 2012 e 2021, doen\u00e7a foi a maior raz\u00e3o de afastamento dos banc\u00e1rios, respons\u00e1vel por 74,3% dos casos, contra 25,7% por acidentes. Os adoecimentos mais comuns registrados foram depress\u00e3o, ansiedade, estresse e LER\/DORT. O Observat\u00f3rio de Sa\u00fade do Trabalhador, do Minist\u00e9rio P\u00fablico do Trabalho, aponta ainda que a incid\u00eancia de doen\u00e7as mentais e tendinites entre banc\u00e1rios \u00e9 de tr\u00eas a quatro vezes maior que a da m\u00e9dia da popula\u00e7\u00e3o.<\/p>\n<p><strong>Fonte: Contraf-CUT<\/strong><\/p>\n","protected":false},"excerpt":{"rendered":"<p>A Ag\u00eancia Nacional de Sa\u00fade Suplementar (ANS) publicar\u00e1 em 1\u00ba de agosto, no Di\u00e1rio Oficial da Uni\u00e3o, a nova regra que determina que os planos de sa\u00fade n\u00e3o poder\u00e3o mais limitar o n\u00famero de consultas e sess\u00f5es com psic\u00f3logos, fonoaudi\u00f3logos, terapeutas ocupacionais e fisioterapeutas. A Caixa de Assist\u00eancia dos Funcion\u00e1rios do Banco do Brasil (Cassi) [&hellip;]<\/p>\n","protected":false},"author":2,"featured_media":12836,"comment_status":"","ping_status":"","sticky":false,"template":"","format":"standard","meta":{"footnotes":""},"categories":[3],"tags":[],"class_list":["post-12837","post","type-post","status-publish","format-standard","has-post-thumbnail","hentry","category-noticias"],"_links":{"self":[{"href":"https:\/\/hostnetart.com.br\/baixada\/wp-json\/wp\/v2\/posts\/12837","targetHints":{"allow":["GET"]}}],"collection":[{"href":"https:\/\/hostnetart.com.br\/baixada\/wp-json\/wp\/v2\/posts"}],"about":[{"href":"https:\/\/hostnetart.com.br\/baixada\/wp-json\/wp\/v2\/types\/post"}],"author":[{"embeddable":true,"href":"https:\/\/hostnetart.com.br\/baixada\/wp-json\/wp\/v2\/users\/2"}],"replies":[{"embeddable":true,"href":"https:\/\/hostnetart.com.br\/baixada\/wp-json\/wp\/v2\/comments?post=12837"}],"version-history":[{"count":0,"href":"https:\/\/hostnetart.com.br\/baixada\/wp-json\/wp\/v2\/posts\/12837\/revisions"}],"wp:featuredmedia":[{"embeddable":true,"href":"https:\/\/hostnetart.com.br\/baixada\/wp-json\/wp\/v2\/media\/12836"}],"wp:attachment":[{"href":"https:\/\/hostnetart.com.br\/baixada\/wp-json\/wp\/v2\/media?parent=12837"}],"wp:term":[{"taxonomy":"category","embeddable":true,"href":"https:\/\/hostnetart.com.br\/baixada\/wp-json\/wp\/v2\/categories?post=12837"},{"taxonomy":"post_tag","embeddable":true,"href":"https:\/\/hostnetart.com.br\/baixada\/wp-json\/wp\/v2\/tags?post=12837"}],"curies":[{"name":"wp","href":"https:\/\/api.w.org\/{rel}","templated":true}]}}