{"id":1283,"date":"2013-08-08T00:00:00","date_gmt":"2013-08-08T03:00:00","guid":{"rendered":"https:\/\/hostnetart.com.br\/baixada\/negociacao-entre-comando-e-fenaban-inicia-com-condicoes-de-trabalho\/"},"modified":"2013-08-08T00:00:00","modified_gmt":"2013-08-08T03:00:00","slug":"negociacao-entre-comando-e-fenaban-inicia-com-condicoes-de-trabalho","status":"publish","type":"post","link":"https:\/\/hostnetart.com.br\/baixada\/negociacao-entre-comando-e-fenaban-inicia-com-condicoes-de-trabalho\/","title":{"rendered":"Negocia\u00e7\u00e3o entre Comando e Fenaban inicia com condi\u00e7\u00f5es de trabalho"},"content":{"rendered":"<p>Come\u00e7a nesta quinta-feira (8), \u00e0s 10h, a primeira rodada de negocia\u00e7\u00e3o entre o Comando Nacional dos Banc\u00e1rios, coordenado pela Contraf-CUT, e a Fenaban, em S\u00e3o Paulo. Estar\u00e3o na mesa o bloco de reivindica\u00e7\u00f5es sobre sa\u00fade, condi\u00e7\u00f5es de trabalho e seguran\u00e7a banc\u00e1ria. Os debates continuam na manh\u00e3 desta sexta-feira (9).<\/p>\n<p>\u00a0<\/p>\n<p>\u201cVamos come\u00e7ar as negocia\u00e7\u00f5es com os bancos tratando das prec\u00e1rias condi\u00e7\u00f5es de trabalho, que est\u00e3o angustiando, estressando e adoecendo os banc\u00e1rios, muitos utilizando rem\u00e9dios de tarja preta, outros se afastando do trabalho e v\u00e1rios j\u00e1 perderam suas vidas\u201d, afirma Carlos Cordeiro, presidente da Contraf-CUT e coordenador do Comando Nacional.<\/p>\n<p>\u00a0<\/p>\n<p>\u00a0<\/p>\n<p><strong>Sa\u00fade do trabalhador<\/strong><\/p>\n<p>\u00a0<\/p>\n<p>O diagn\u00f3stico da m\u00e9dica e pesquisadora da Fundacentro, Maria Maeno, \u00e9 preocupante. \u201cO sistema financeiro, que pressup\u00f5e venda de produtos com metas cada vez mais elevadas, vem causando quadros de desgaste f\u00edsico e ps\u00edquico aos trabalhadores, com muito sofrimento para suas fam\u00edlias, com grande \u00f4nus para o sistema de seguridade social e para a sociedade como um todo\u201d, aponta.<\/p>\n<p>\u00a0<\/p>\n<p>A organiza\u00e7\u00e3o e o sentido do trabalho precisam ser repensados para que as metas abusivas e o ass\u00e9dio moral sejam combatidos, segundo avalia\u00e7\u00e3o do professor Laerte Idal Sznelwar, do Departamento de Engenharia da Produ\u00e7\u00e3o da Escola Polit\u00e9cnica da USP.<\/p>\n<p>\u00a0<\/p>\n<p>\u201cO problema das metas est\u00e1 em como ela \u00e9 definida. As metas abusivas s\u00e3o impostas de cima para baixo e o trabalhador que faz o contato com o cliente, que realiza a negocia\u00e7\u00e3o, praticamente n\u00e3o \u00e9 ouvido. A empresa em muitos casos tem uma determinada estrat\u00e9gia e n\u00e3o considera outras dimens\u00f5es do trabalho revestidas de diferentes realidades. Sabemos que quando atingimos a meta, a tend\u00eancia \u00e9 que ela aumente\u201d, explica Laerte.<\/p>\n<p>\u00a0<\/p>\n<p>\u201cQueremos discutir a gest\u00e3o dos bancos, baseada em metas abusivas, que est\u00e3o provocando ass\u00e9dio moral e viol\u00eancia organizacional, prejudicando a sa\u00fade dos banc\u00e1rios\u201d, aponta Walcir Previtale, secret\u00e1rio de Sa\u00fade do Trabalhador da Contraf-CUT.<\/p>\n<p>\u00a0<\/p>\n<p>Para Walcir, \u201cas metas n\u00e3o podem ser individuais, mas sim coletivas e precisam levar em conta os afastamentos, licen\u00e7as e f\u00e9rias da equipe de trabalho. Al\u00e9m disso, n\u00e3o podem ser mensais e n\u00e3o podem existir essas cobran\u00e7as di\u00e1rias e at\u00e9 por turno que est\u00e3o enlouquecendo os banc\u00e1rios\u201d.<\/p>\n<p>\u00a0<\/p>\n<p>\u00a0<\/p>\n<p><strong>Seguran\u00e7a banc\u00e1ria<\/strong><\/p>\n<p>\u00a0<\/p>\n<p>\u201cAl\u00e9m de um ambiente saud\u00e1vel, precisamos de seguran\u00e7a no trabalho, com preven\u00e7\u00e3o contra assaltos e sequestros, a fim de proteger a vida das pessoas\u201d, refor\u00e7a Ademir Wiederkehr, secret\u00e1rio de imprensa da Contraf-CUT e coordenador do Coletivo Nacional de Seguran\u00e7a Banc\u00e1ria.<\/p>\n<p>\u00a0<\/p>\n<p>No primeiro semestre deste ano, 30 pessoas foram mortas em assaltos envolvendo bancos, conforme pesquisa nacional da Contraf-CUT e Confedera\u00e7\u00e3o Nacional dos Vigilantes (CNTV), com apoio do Dieese. \u201cUm gerente do Banco do Brasil foi assassinado no Piau\u00ed\u201d, salienta o dirigente sindical.<\/p>\n<p>\u00a0<\/p>\n<p>\u201cMais do que preven\u00e7\u00e3o, precisamos garantir assist\u00eancia m\u00e9dica, psicol\u00f3gica e medicamentosa, bem como estabilidade ao empregado que foi v\u00edtima de assaltos, sequestros e extors\u00f5es\u201d, ressalta Ademir.<\/p>\n<p>\u00a0<\/p>\n<p>\u00a0<\/p>\n<p><strong>Bancos federais<\/strong><\/p>\n<p>\u00a0<\/p>\n<p>A primeira negocia\u00e7\u00e3o da pauta espec\u00edfica com a Caixa Econ\u00f4mica Federal acontece nesta sexta-feira, dia 9, \u00e0s 15h, em Bras\u00edlia. Com o Banco do Brasil, a primeira rodada foi marcada para o dia 14, \u00e0s 13h, tamb\u00e9m em Bras\u00edlia. Em ambas, o tema inicial ser\u00e1 igualmente sa\u00fade e condi\u00e7\u00f5es de trabalho.<\/p>\n<p>\u00a0<\/p>\n<p>\u00a0<\/p>\n<p><strong>Calend\u00e1rio de mobiliza\u00e7\u00e3o<\/strong><\/p>\n<p>\u00a0<\/p>\n<p>8 e 9 \u2013 Primeira rodada de negocia\u00e7\u00e3o entre Comando Nacional e Fenaban<br \/>9 \u2013 Primeira rodada de negocia\u00e7\u00e3o entre Comando Nacional e Caixa Econ\u00f4mica Federal<br \/>13 e 14 \u2013 Mobiliza\u00e7\u00e3o em Bras\u00edlia contra PL 4330<br \/>14 \u2013 Primeira rodada de negocia\u00e7\u00e3o entre Comando Nacional e Banco do Brasil<br \/>22 \u2013 Dia Nacional de Luta, com passeatas dos banc\u00e1rios<br \/>22 \u2013 Dia Nacional de Luta dos empregados da Caixa<br \/>28 \u2013 Dia do Banc\u00e1rio, com atos de comemora\u00e7\u00e3o e de mobiliza\u00e7\u00e3o<br \/>30 \u2013 Paralisa\u00e7\u00e3o nacional das centrais sindicais pela pauta da classe trabalhadora<\/p>\n<p>\u00a0<\/p>\n<p>\u201cVem pra luta, banc\u00e1rio e banc\u00e1ria\u201d, convoca o presidente da Contraf-CUT.<\/p>\n<p>\u00a0<\/p>\n<p>Fonte: Contraf-CUT com Seeb S\u00e3o Paulo<\/p>\n","protected":false},"excerpt":{"rendered":"<p>Come\u00e7a nesta quinta-feira (8), \u00e0s 10h, a primeira rodada de negocia\u00e7\u00e3o entre o Comando Nacional dos Banc\u00e1rios, coordenado pela Contraf-CUT, e a Fenaban, em S\u00e3o Paulo. Estar\u00e3o na mesa o bloco de reivindica\u00e7\u00f5es sobre sa\u00fade, condi\u00e7\u00f5es de trabalho e seguran\u00e7a banc\u00e1ria. Os debates continuam na manh\u00e3 desta sexta-feira (9). \u00a0 \u201cVamos come\u00e7ar as negocia\u00e7\u00f5es com [&hellip;]<\/p>\n","protected":false},"author":1,"featured_media":0,"comment_status":"","ping_status":"","sticky":false,"template":"","format":"standard","meta":{"footnotes":""},"categories":[3],"tags":[],"class_list":["post-1283","post","type-post","status-publish","format-standard","hentry","category-noticias"],"_links":{"self":[{"href":"https:\/\/hostnetart.com.br\/baixada\/wp-json\/wp\/v2\/posts\/1283","targetHints":{"allow":["GET"]}}],"collection":[{"href":"https:\/\/hostnetart.com.br\/baixada\/wp-json\/wp\/v2\/posts"}],"about":[{"href":"https:\/\/hostnetart.com.br\/baixada\/wp-json\/wp\/v2\/types\/post"}],"author":[{"embeddable":true,"href":"https:\/\/hostnetart.com.br\/baixada\/wp-json\/wp\/v2\/users\/1"}],"replies":[{"embeddable":true,"href":"https:\/\/hostnetart.com.br\/baixada\/wp-json\/wp\/v2\/comments?post=1283"}],"version-history":[{"count":0,"href":"https:\/\/hostnetart.com.br\/baixada\/wp-json\/wp\/v2\/posts\/1283\/revisions"}],"wp:attachment":[{"href":"https:\/\/hostnetart.com.br\/baixada\/wp-json\/wp\/v2\/media?parent=1283"}],"wp:term":[{"taxonomy":"category","embeddable":true,"href":"https:\/\/hostnetart.com.br\/baixada\/wp-json\/wp\/v2\/categories?post=1283"},{"taxonomy":"post_tag","embeddable":true,"href":"https:\/\/hostnetart.com.br\/baixada\/wp-json\/wp\/v2\/tags?post=1283"}],"curies":[{"name":"wp","href":"https:\/\/api.w.org\/{rel}","templated":true}]}}