{"id":12827,"date":"2022-07-18T12:12:34","date_gmt":"2022-07-18T15:12:34","guid":{"rendered":"https:\/\/hostnetart.com.br\/baixada\/rede-mulheres-da-uni-brasil-realiza-10-oficina-de-formacao\/"},"modified":"2022-07-18T12:12:34","modified_gmt":"2022-07-18T15:12:34","slug":"rede-mulheres-da-uni-brasil-realiza-10-oficina-de-formacao","status":"publish","type":"post","link":"https:\/\/hostnetart.com.br\/baixada\/rede-mulheres-da-uni-brasil-realiza-10-oficina-de-formacao\/","title":{"rendered":"Rede Mulheres da UNI Brasil realiza 10\u00aa Oficina de Forma\u00e7\u00e3o"},"content":{"rendered":"<p>A Rede Mulheres da UNI Brasil realizou, na \u00faltima sexta-feira (15) e no \u00faltimo s\u00e1bado (16), a 10\u00aa Oficina de Forma\u00e7\u00e3o, na Col\u00f4nia dos Comerci\u00e1rios, em Praia Grande, S\u00e3o Paulo.<\/p>\n<p>Entre os temas abordados, a Conven\u00e7\u00e3o 190 da Organiza\u00e7\u00e3o Internacional do Trabalho (OIT), o primeiro tratado internacional para enfrentar a viol\u00eancia e o ass\u00e9dio a entrar em vigor, e a viol\u00eancia pol\u00edtica de g\u00eanero.\u00a0<\/p>\n<p>Na sexta, tamb\u00e9m ocorreu a oficina de redes sociais.<\/p>\n<p>\u201cA viol\u00eancia de g\u00eanero \u00e9 estrutural, isso quer dizer que \u00e9 uma constru\u00e7\u00e3o hist\u00f3rica, que assola nossa sociedade. Ent\u00e3o, precisamos da responsabilidade de todas e de todos para combater essa viol\u00eancia, estabelecer uma cultura em que todos n\u00f3s participemos do acolhimento \u00e0 v\u00edtima, tanto no momento da den\u00fancia quanto na devida responsabiliza\u00e7\u00e3o dos autores da viol\u00eancia\u201d, destacou a secret\u00e1ria da Mulher da Confedera\u00e7\u00e3o Nacional dos Trabalhadores do Ramo Financeiro (Contraf-CUT), Fernanda Lopes, durante sua fala de abertura. \u201cPor isso, refor\u00e7amos a import\u00e2ncia da ratifica\u00e7\u00e3o da Conven\u00e7\u00e3o 190, que traz medidas para coibir a viol\u00eancia de g\u00eanero\u201d, completou.<\/p>\n<p><strong>Fonte: Contraf-CUT<\/strong><\/p>\n","protected":false},"excerpt":{"rendered":"<p>A Rede Mulheres da UNI Brasil realizou, na \u00faltima sexta-feira (15) e no \u00faltimo s\u00e1bado (16), a 10\u00aa Oficina de Forma\u00e7\u00e3o, na Col\u00f4nia dos Comerci\u00e1rios, em Praia Grande, S\u00e3o Paulo. Entre os temas abordados, a Conven\u00e7\u00e3o 190 da Organiza\u00e7\u00e3o Internacional do Trabalho (OIT), o primeiro tratado internacional para enfrentar a viol\u00eancia e o ass\u00e9dio a [&hellip;]<\/p>\n","protected":false},"author":2,"featured_media":12826,"comment_status":"","ping_status":"","sticky":false,"template":"","format":"standard","meta":{"footnotes":""},"categories":[3],"tags":[],"class_list":["post-12827","post","type-post","status-publish","format-standard","has-post-thumbnail","hentry","category-noticias"],"_links":{"self":[{"href":"https:\/\/hostnetart.com.br\/baixada\/wp-json\/wp\/v2\/posts\/12827","targetHints":{"allow":["GET"]}}],"collection":[{"href":"https:\/\/hostnetart.com.br\/baixada\/wp-json\/wp\/v2\/posts"}],"about":[{"href":"https:\/\/hostnetart.com.br\/baixada\/wp-json\/wp\/v2\/types\/post"}],"author":[{"embeddable":true,"href":"https:\/\/hostnetart.com.br\/baixada\/wp-json\/wp\/v2\/users\/2"}],"replies":[{"embeddable":true,"href":"https:\/\/hostnetart.com.br\/baixada\/wp-json\/wp\/v2\/comments?post=12827"}],"version-history":[{"count":0,"href":"https:\/\/hostnetart.com.br\/baixada\/wp-json\/wp\/v2\/posts\/12827\/revisions"}],"wp:featuredmedia":[{"embeddable":true,"href":"https:\/\/hostnetart.com.br\/baixada\/wp-json\/wp\/v2\/media\/12826"}],"wp:attachment":[{"href":"https:\/\/hostnetart.com.br\/baixada\/wp-json\/wp\/v2\/media?parent=12827"}],"wp:term":[{"taxonomy":"category","embeddable":true,"href":"https:\/\/hostnetart.com.br\/baixada\/wp-json\/wp\/v2\/categories?post=12827"},{"taxonomy":"post_tag","embeddable":true,"href":"https:\/\/hostnetart.com.br\/baixada\/wp-json\/wp\/v2\/tags?post=12827"}],"curies":[{"name":"wp","href":"https:\/\/api.w.org\/{rel}","templated":true}]}}