{"id":12821,"date":"2022-07-15T13:00:54","date_gmt":"2022-07-15T16:00:54","guid":{"rendered":"https:\/\/hostnetart.com.br\/baixada\/funcionarios-discutem-igualdade-de-oportunidades-no-banco-do-brasil\/"},"modified":"2022-07-15T13:00:54","modified_gmt":"2022-07-15T16:00:54","slug":"funcionarios-discutem-igualdade-de-oportunidades-no-banco-do-brasil","status":"publish","type":"post","link":"https:\/\/hostnetart.com.br\/baixada\/funcionarios-discutem-igualdade-de-oportunidades-no-banco-do-brasil\/","title":{"rendered":"Funcion\u00e1rios discutem igualdade de oportunidades no Banco do Brasil"},"content":{"rendered":"<p>A Comiss\u00e3o de Empresa dos Funcion\u00e1rios do Banco do Brasil (CEBB) est\u00e1 convocando os representantes das federa\u00e7\u00f5es para mesa de negocia\u00e7\u00e3o com o banco, nesta sexta-feira (15). O tema ser\u00e1 \u201cIgualdade de Oportunidades\u201d, que contempla o combate \u00e0 discrimina\u00e7\u00e3o, por sal\u00e1rios iguais para trabalho de igual fun\u00e7\u00e3o, independente de condi\u00e7\u00e3o f\u00edsica, ra\u00e7a, cor, g\u00eanero, idade e orienta\u00e7\u00e3o sexual.<\/p>\n<p>\u201cEntre as nossas reivindica\u00e7\u00f5es est\u00e1 a implanta\u00e7\u00e3o de um programa de igualdade de oportunidade de g\u00eanero, ra\u00e7a e pessoa com defici\u00eancia, respeitando a orienta\u00e7\u00e3o sexual, de acordo com artigo da nossa Minuta de Reivindica\u00e7\u00f5es da Categoria Banc\u00e1ria para a CCT (Conven\u00e7\u00e3o Coletiva de Trabalho), Fenaban\/Contraf 2022\/2023\u201d, explica o coordenador da CEBB, Jo\u00e3o Fukunaga.<\/p>\n<h3><strong>Combate ao ass\u00e9dio moral e sexual<\/strong><\/h3>\n<p>Na reuni\u00e3o, os banc\u00e1rios dar\u00e3o destaque ao\u00a0combate a toda forma de abuso no ambiente de trabalho. \u201cNos \u00faltimos anos houve uma escalada de den\u00fancias, vindas dos trabalhadores banc\u00e1rios, de ass\u00e9dio sexual e moral no ambiente de trabalho. Precisamos aumentar os mecanismos de combate a esse tipo de viol\u00eancia, uma das maiores agress\u00f5es \u00e0 dignidade humana\u201d, pontua Fukunaga.<\/p>\n<p>As propostas da CEBB ao banco para o combate ao ass\u00e9dio acompanham as mesmas exig\u00eancias apresentadas pela Contraf-CUT \u00e0 Fenaban, durante a terceira reuni\u00e3o do Comando Nacional, realizada em 6 de julho: (1) treinamento e forma\u00e7\u00e3o do quadro para a promo\u00e7\u00e3o de debates sobre o tema; (2) acolhimento das den\u00fancias e apura\u00e7\u00e3o bipartite, banco e sindicato; (3) prote\u00e7\u00e3o e assist\u00eancia \u00e0s v\u00edtimas; (4) e puni\u00e7\u00e3o dos culpados.<\/p>\n<h3><strong>Combate ao Racismo e respeito \u00e0 diversidade<\/strong><\/h3>\n<p>\u201cAs reivindica\u00e7\u00f5es que vamos levar ao Banco do Brasil foram constru\u00eddas coletivamente, com a participa\u00e7\u00e3o de trabalhadoras e trabalhadores\u201d, explica\u00a0a representante da Contraf-CUT na Comiss\u00e3o de Empresa, Fernanda Lopes, destacando a constru\u00e7\u00e3o democr\u00e1tica da minuta. Ela observa ainda que os debates do 33\u00ba Congresso dos Funcion\u00e1rios do Banco do Brasil, realizado no in\u00edcio de junho, subsidiaram inclusive as pautas relacionadas ao combate ao racismo e respeito \u00e0 diversidade, que podem ser acessadas nos links abaixo.<\/p>\n<p><a href=\"https:\/\/contrafcut.com.br\/pauta-racial-2022\/\" target=\"_blank\" rel=\"noopener noreferrer\">Pauta Coletivos de Combate ao Racismo<\/a>.<\/p>\n<p><a href=\"https:\/\/contrafcut.com.br\/pauta-lgbtqiap-2022\/\" target=\"_blank\" rel=\"noopener noreferrer\">Pauta Diversidade Sexual, Afetiva e de Comportamento<\/a>.<\/p>\n<p><strong>Fonte: Contraf-CUT<\/strong><\/p>\n","protected":false},"excerpt":{"rendered":"<p>A Comiss\u00e3o de Empresa dos Funcion\u00e1rios do Banco do Brasil (CEBB) est\u00e1 convocando os representantes das federa\u00e7\u00f5es para mesa de negocia\u00e7\u00e3o com o banco, nesta sexta-feira (15). O tema ser\u00e1 \u201cIgualdade de Oportunidades\u201d, que contempla o combate \u00e0 discrimina\u00e7\u00e3o, por sal\u00e1rios iguais para trabalho de igual fun\u00e7\u00e3o, independente de condi\u00e7\u00e3o f\u00edsica, ra\u00e7a, cor, g\u00eanero, idade [&hellip;]<\/p>\n","protected":false},"author":2,"featured_media":12820,"comment_status":"","ping_status":"","sticky":false,"template":"","format":"standard","meta":{"footnotes":""},"categories":[3],"tags":[],"class_list":["post-12821","post","type-post","status-publish","format-standard","has-post-thumbnail","hentry","category-noticias"],"_links":{"self":[{"href":"https:\/\/hostnetart.com.br\/baixada\/wp-json\/wp\/v2\/posts\/12821","targetHints":{"allow":["GET"]}}],"collection":[{"href":"https:\/\/hostnetart.com.br\/baixada\/wp-json\/wp\/v2\/posts"}],"about":[{"href":"https:\/\/hostnetart.com.br\/baixada\/wp-json\/wp\/v2\/types\/post"}],"author":[{"embeddable":true,"href":"https:\/\/hostnetart.com.br\/baixada\/wp-json\/wp\/v2\/users\/2"}],"replies":[{"embeddable":true,"href":"https:\/\/hostnetart.com.br\/baixada\/wp-json\/wp\/v2\/comments?post=12821"}],"version-history":[{"count":0,"href":"https:\/\/hostnetart.com.br\/baixada\/wp-json\/wp\/v2\/posts\/12821\/revisions"}],"wp:featuredmedia":[{"embeddable":true,"href":"https:\/\/hostnetart.com.br\/baixada\/wp-json\/wp\/v2\/media\/12820"}],"wp:attachment":[{"href":"https:\/\/hostnetart.com.br\/baixada\/wp-json\/wp\/v2\/media?parent=12821"}],"wp:term":[{"taxonomy":"category","embeddable":true,"href":"https:\/\/hostnetart.com.br\/baixada\/wp-json\/wp\/v2\/categories?post=12821"},{"taxonomy":"post_tag","embeddable":true,"href":"https:\/\/hostnetart.com.br\/baixada\/wp-json\/wp\/v2\/tags?post=12821"}],"curies":[{"name":"wp","href":"https:\/\/api.w.org\/{rel}","templated":true}]}}