{"id":12817,"date":"2022-07-15T12:56:43","date_gmt":"2022-07-15T15:56:43","guid":{"rendered":"https:\/\/hostnetart.com.br\/baixada\/trabalhadores-criam-coletivo-de-relacoes-do-trabalho\/"},"modified":"2022-07-15T12:56:43","modified_gmt":"2022-07-15T15:56:43","slug":"trabalhadores-criam-coletivo-de-relacoes-do-trabalho","status":"publish","type":"post","link":"https:\/\/hostnetart.com.br\/baixada\/trabalhadores-criam-coletivo-de-relacoes-do-trabalho\/","title":{"rendered":"Trabalhadores criam Coletivo de Rela\u00e7\u00f5es do Trabalho"},"content":{"rendered":"<p>Aconteceu nesta quinta-feira (14) a reuni\u00e3o de cria\u00e7\u00e3o do Coletivo Nacional de Rela\u00e7\u00f5es do Trabalho, que re\u00fane as secretarias de assessoria parlamentar de sindicatos e federa\u00e7\u00f5es, que representam os diversos ramos da classe trabalhadora. O encontro foi feito de modo remoto.<\/p>\n<p>O coletivo ser\u00e1 coordenado pela Confedera\u00e7\u00e3o Nacional dos Trabalhadores do Ramo Financeiro (Contraf-CUT) e tem representa\u00e7\u00e3o nacional, com entidades de todas as regi\u00f5es do pa\u00eds. Como diz o secret\u00e1rio de Rela\u00e7\u00f5es do Trabalho da Contraf-CUT, Jeferson Meira, o Jef\u00e3o, \u201csua principal miss\u00e3o ser\u00e1 acompanhar de forma detalhada os temas de interesses da classe trabalhadora tanto no \u00e2mbito federal como no estadual e, a partir da\u00ed, construir de forma coletiva, estrat\u00e9gias de a\u00e7\u00f5es para combater projetos que atacam direitos e garantias\u201d.<\/p>\n<p>O dirigente explica que \u201ca atua\u00e7\u00e3o da organiza\u00e7\u00e3o visa a garantir os direitos trabalhistas atuais, como tamb\u00e9m combater os ataques que sofremos via propostas em tramita\u00e7\u00e3o nas casas legislativas, judici\u00e1rio e \u00f3rg\u00e3os de governo de uma forma geral\u201d. Para Jef\u00e3o, que tamb\u00e9m acompanha as mat\u00e9rias de interesse dos profissionais do ramo financeiro no Congresso Nacional, \u201ca cria\u00e7\u00e3o do coletivo \u00e9 fundamental neste momento de profunda crise econ\u00f4mica e pol\u00edtica do pa\u00eds, pois dar\u00e1 mais for\u00e7a \u00e0 luta global da classe trabalhadora\u201d.<\/p>\n<p><strong>Fonte: Contraf-CUT<\/strong><\/p>\n","protected":false},"excerpt":{"rendered":"<p>Aconteceu nesta quinta-feira (14) a reuni\u00e3o de cria\u00e7\u00e3o do Coletivo Nacional de Rela\u00e7\u00f5es do Trabalho, que re\u00fane as secretarias de assessoria parlamentar de sindicatos e federa\u00e7\u00f5es, que representam os diversos ramos da classe trabalhadora. O encontro foi feito de modo remoto. O coletivo ser\u00e1 coordenado pela Confedera\u00e7\u00e3o Nacional dos Trabalhadores do Ramo Financeiro (Contraf-CUT) e [&hellip;]<\/p>\n","protected":false},"author":2,"featured_media":12816,"comment_status":"","ping_status":"","sticky":false,"template":"","format":"standard","meta":{"footnotes":""},"categories":[3],"tags":[],"class_list":["post-12817","post","type-post","status-publish","format-standard","has-post-thumbnail","hentry","category-noticias"],"_links":{"self":[{"href":"https:\/\/hostnetart.com.br\/baixada\/wp-json\/wp\/v2\/posts\/12817","targetHints":{"allow":["GET"]}}],"collection":[{"href":"https:\/\/hostnetart.com.br\/baixada\/wp-json\/wp\/v2\/posts"}],"about":[{"href":"https:\/\/hostnetart.com.br\/baixada\/wp-json\/wp\/v2\/types\/post"}],"author":[{"embeddable":true,"href":"https:\/\/hostnetart.com.br\/baixada\/wp-json\/wp\/v2\/users\/2"}],"replies":[{"embeddable":true,"href":"https:\/\/hostnetart.com.br\/baixada\/wp-json\/wp\/v2\/comments?post=12817"}],"version-history":[{"count":0,"href":"https:\/\/hostnetart.com.br\/baixada\/wp-json\/wp\/v2\/posts\/12817\/revisions"}],"wp:featuredmedia":[{"embeddable":true,"href":"https:\/\/hostnetart.com.br\/baixada\/wp-json\/wp\/v2\/media\/12816"}],"wp:attachment":[{"href":"https:\/\/hostnetart.com.br\/baixada\/wp-json\/wp\/v2\/media?parent=12817"}],"wp:term":[{"taxonomy":"category","embeddable":true,"href":"https:\/\/hostnetart.com.br\/baixada\/wp-json\/wp\/v2\/categories?post=12817"},{"taxonomy":"post_tag","embeddable":true,"href":"https:\/\/hostnetart.com.br\/baixada\/wp-json\/wp\/v2\/tags?post=12817"}],"curies":[{"name":"wp","href":"https:\/\/api.w.org\/{rel}","templated":true}]}}