{"id":12815,"date":"2022-07-15T12:54:33","date_gmt":"2022-07-15T15:54:33","guid":{"rendered":"https:\/\/hostnetart.com.br\/baixada\/empregados-da-caixa-comecam-a-negociar-pauta-de-reivindicacoes-especificas-com-o-banco\/"},"modified":"2022-07-15T12:54:33","modified_gmt":"2022-07-15T15:54:33","slug":"empregados-da-caixa-comecam-a-negociar-pauta-de-reivindicacoes-especificas-com-o-banco","status":"publish","type":"post","link":"https:\/\/hostnetart.com.br\/baixada\/empregados-da-caixa-comecam-a-negociar-pauta-de-reivindicacoes-especificas-com-o-banco\/","title":{"rendered":"Empregados da Caixa come\u00e7am a negociar pauta de reivindica\u00e7\u00f5es espec\u00edficas com o banco"},"content":{"rendered":"<p>A primeira reuni\u00e3o de negocia\u00e7\u00e3o entre a Comiss\u00e3o Executiva dos Empregados da Caixa (CEE\/Caixa) e o banco para debater a minuta de reivindica\u00e7\u00f5es para o Acordo Coletivo de Trabalho (ACT) acontece na manh\u00e3 de quinta-feira (14). As reivindica\u00e7\u00f5es foram definidas pelas delegadas e pelos delegados do 38\u00ba Congresso Nacional dos Empregados da Caixa Econ\u00f4mica Federal (Conecef), realizado em junho, de maneira h\u00edbrida.<\/p>\n<p>A pauta do primeiro encontro ser\u00e1 condi\u00e7\u00f5es de trabalho. As partes tamb\u00e9m devem definir o calend\u00e1rio de negocia\u00e7\u00f5es.<\/p>\n<p>O coordenador da Comiss\u00e3o Executiva dos Empregados da Caixa (CEE\/Caixa), Clot\u00e1rio Cardoso, lembrou que \u201ca pauta de reivindica\u00e7\u00f5es espec\u00edficas para a Caixa foi constru\u00edda num processo democr\u00e1tico, com muita discuss\u00e3o e participa\u00e7\u00e3o das banc\u00e1rias e banc\u00e1rios de todo o Brasil, que v\u00eam debatendo h\u00e1 meses para definir quais s\u00e3o as reivindica\u00e7\u00f5es e quais s\u00e3o os direitos que os bancos t\u00eam que manter no pr\u00f3ximo ACT\u201d.<\/p>\n<p><strong>Fonte: Contraf-CUT<\/strong><\/p>\n","protected":false},"excerpt":{"rendered":"<p>A primeira reuni\u00e3o de negocia\u00e7\u00e3o entre a Comiss\u00e3o Executiva dos Empregados da Caixa (CEE\/Caixa) e o banco para debater a minuta de reivindica\u00e7\u00f5es para o Acordo Coletivo de Trabalho (ACT) acontece na manh\u00e3 de quinta-feira (14). As reivindica\u00e7\u00f5es foram definidas pelas delegadas e pelos delegados do 38\u00ba Congresso Nacional dos Empregados da Caixa Econ\u00f4mica Federal [&hellip;]<\/p>\n","protected":false},"author":2,"featured_media":12814,"comment_status":"","ping_status":"","sticky":false,"template":"","format":"standard","meta":{"footnotes":""},"categories":[3],"tags":[],"class_list":["post-12815","post","type-post","status-publish","format-standard","has-post-thumbnail","hentry","category-noticias"],"_links":{"self":[{"href":"https:\/\/hostnetart.com.br\/baixada\/wp-json\/wp\/v2\/posts\/12815","targetHints":{"allow":["GET"]}}],"collection":[{"href":"https:\/\/hostnetart.com.br\/baixada\/wp-json\/wp\/v2\/posts"}],"about":[{"href":"https:\/\/hostnetart.com.br\/baixada\/wp-json\/wp\/v2\/types\/post"}],"author":[{"embeddable":true,"href":"https:\/\/hostnetart.com.br\/baixada\/wp-json\/wp\/v2\/users\/2"}],"replies":[{"embeddable":true,"href":"https:\/\/hostnetart.com.br\/baixada\/wp-json\/wp\/v2\/comments?post=12815"}],"version-history":[{"count":0,"href":"https:\/\/hostnetart.com.br\/baixada\/wp-json\/wp\/v2\/posts\/12815\/revisions"}],"wp:featuredmedia":[{"embeddable":true,"href":"https:\/\/hostnetart.com.br\/baixada\/wp-json\/wp\/v2\/media\/12814"}],"wp:attachment":[{"href":"https:\/\/hostnetart.com.br\/baixada\/wp-json\/wp\/v2\/media?parent=12815"}],"wp:term":[{"taxonomy":"category","embeddable":true,"href":"https:\/\/hostnetart.com.br\/baixada\/wp-json\/wp\/v2\/categories?post=12815"},{"taxonomy":"post_tag","embeddable":true,"href":"https:\/\/hostnetart.com.br\/baixada\/wp-json\/wp\/v2\/tags?post=12815"}],"curies":[{"name":"wp","href":"https:\/\/api.w.org\/{rel}","templated":true}]}}