{"id":12813,"date":"2022-07-15T12:48:03","date_gmt":"2022-07-15T15:48:03","guid":{"rendered":"https:\/\/hostnetart.com.br\/baixada\/funcionarios-do-bb-entregam-pauta-de-reivindicacoes-a-previ\/"},"modified":"2022-07-15T12:48:03","modified_gmt":"2022-07-15T15:48:03","slug":"funcionarios-do-bb-entregam-pauta-de-reivindicacoes-a-previ","status":"publish","type":"post","link":"https:\/\/hostnetart.com.br\/baixada\/funcionarios-do-bb-entregam-pauta-de-reivindicacoes-a-previ\/","title":{"rendered":"Funcion\u00e1rios do BB entregam pauta de reivindica\u00e7\u00f5es \u00e0 Previ"},"content":{"rendered":"<p>A Comiss\u00e3o Nacional dos Funcion\u00e1rios do Banco do Brasil (CEBB) entregou nesta ter\u00e7a-feira (12) a pauta espec\u00edfica de reivindica\u00e7\u00f5es \u00e0 dire\u00e7\u00e3o da Previ, como parte das negocia\u00e7\u00f5es da Campanha Nacional 2022.<\/p>\n<p>O documento foi elaborado coletivamente e aprovado durante o\u00a0<a href=\"https:\/\/contrafcut.com.br\/noticias\/funcionarios-do-banco-do-brasil-entregam-minuta-especifica\/\" target=\"_blank\" rel=\"noopener noreferrer\">33\u00ba Congresso Nacional dos Funcion\u00e1rios do Banco do Brasil<\/a>, realizado em junho. \u201cEssa representatividade que a minuta de reivindica\u00e7\u00f5es carrega \u00e9 totalmente condizente com um dos pontos que colocamos em todas as mesas de negocia\u00e7\u00f5es, e n\u00e3o foi diferente na mesa de hoje, que \u00e9 a defesa da Previ como entidade fechada de previd\u00eancia complementar, gerida pelos associados\u201d, explica o coordenador da CEBB Jo\u00e3o Fukunaga.<\/p>\n<p>O eleito diretor de Seguridade da Previ, Wagner Nascimento, avaliou como \u201cpositiva\u201d a reuni\u00e3o com a CEBB, destacando que o papel dos dirigentes da entidade \u00e9 continuar agindo de forma a representar os interesses dos associados e associadas. \u201cN\u00f3s recebemos a minuta tendo em mente essa responsabilidade\u201d, completou.<\/p>\n<p>Os diretores eleitos da Previ, M\u00e1rcio de Souza (Administra\u00e7\u00e3o) e Paula Goto (Planejamento), tamb\u00e9m receberam os funcion\u00e1rios do BB.<\/p>\n<h3><strong>Destaques da minuta<\/strong><\/h3>\n<p>Al\u00e9m da defesa da Previ como entidade fechada e gerida pelos associados e associadas, tamb\u00e9m foram destaques na reuni\u00e3o:<\/p>\n<p>\u2022 O fim do voto de minerva e volta da consulta ao corpo social, como era na Previ antes da interven\u00e7\u00e3o imposta no governo FHC, no in\u00edcio dos anos 2000;<\/p>\n<p>\u2022 No Previ Futuro: revis\u00e3o do crit\u00e9rio da Pontua\u00e7\u00e3o Individual do Participante (PIP), cria\u00e7\u00e3o de um plano espec\u00edfico para contribui\u00e7\u00e3o parit\u00e1ria sobre o PLR, revis\u00e3o do valor do benef\u00edcio m\u00ednimo e redu\u00e7\u00e3o da Tabela Previ para melhorar o benef\u00edcio de risco;<\/p>\n<p>\u2022 No Plano 1: discutir a destina\u00e7\u00e3o de super\u00e1vit via aumento e melhoria de benef\u00edcios, debater a recomposi\u00e7\u00e3o das reservas matem\u00e1ticas, considerando os c\u00e1lculos oriundos de reclamat\u00f3rios trabalhistas;<\/p>\n<p>\u2022 Intensificar a divulga\u00e7\u00e3o do Previ Fam\u00edlia;<\/p>\n<p>\u2022 Avan\u00e7ar para nova redu\u00e7\u00e3o da taxa de carregamento;<\/p>\n<p>\u2022 Continuar aplicando taxas mais baixas no empr\u00e9stimo simples e no financiamento imobili\u00e1rio;<\/p>\n<p>\u2022 Conceder aos funcion\u00e1rios dos bancos incorporados, BESC e Economus, os mesmos benef\u00edcios do Previ Futuro.<\/p>\n<p><a href=\"https:\/\/contrafcut.com.br\/wp-content\/uploads\/2022\/07\/banco-do-brasil-pauta-de-reivindicacoes-junho-2022-destaques-previ.pdf\" target=\"_blank\" rel=\"noopener noreferrer\">Clique aqui<\/a>\u00a0para acessar a pauta de reivindica\u00e7\u00f5es na \u00edntegra.<\/p>\n<p><strong>Fonte: Contraf-CUT<\/strong><\/p>\n","protected":false},"excerpt":{"rendered":"<p>A Comiss\u00e3o Nacional dos Funcion\u00e1rios do Banco do Brasil (CEBB) entregou nesta ter\u00e7a-feira (12) a pauta espec\u00edfica de reivindica\u00e7\u00f5es \u00e0 dire\u00e7\u00e3o da Previ, como parte das negocia\u00e7\u00f5es da Campanha Nacional 2022. O documento foi elaborado coletivamente e aprovado durante o\u00a033\u00ba Congresso Nacional dos Funcion\u00e1rios do Banco do Brasil, realizado em junho. \u201cEssa representatividade que a [&hellip;]<\/p>\n","protected":false},"author":2,"featured_media":12812,"comment_status":"","ping_status":"","sticky":false,"template":"","format":"standard","meta":{"footnotes":""},"categories":[3],"tags":[],"class_list":["post-12813","post","type-post","status-publish","format-standard","has-post-thumbnail","hentry","category-noticias"],"_links":{"self":[{"href":"https:\/\/hostnetart.com.br\/baixada\/wp-json\/wp\/v2\/posts\/12813","targetHints":{"allow":["GET"]}}],"collection":[{"href":"https:\/\/hostnetart.com.br\/baixada\/wp-json\/wp\/v2\/posts"}],"about":[{"href":"https:\/\/hostnetart.com.br\/baixada\/wp-json\/wp\/v2\/types\/post"}],"author":[{"embeddable":true,"href":"https:\/\/hostnetart.com.br\/baixada\/wp-json\/wp\/v2\/users\/2"}],"replies":[{"embeddable":true,"href":"https:\/\/hostnetart.com.br\/baixada\/wp-json\/wp\/v2\/comments?post=12813"}],"version-history":[{"count":0,"href":"https:\/\/hostnetart.com.br\/baixada\/wp-json\/wp\/v2\/posts\/12813\/revisions"}],"wp:featuredmedia":[{"embeddable":true,"href":"https:\/\/hostnetart.com.br\/baixada\/wp-json\/wp\/v2\/media\/12812"}],"wp:attachment":[{"href":"https:\/\/hostnetart.com.br\/baixada\/wp-json\/wp\/v2\/media?parent=12813"}],"wp:term":[{"taxonomy":"category","embeddable":true,"href":"https:\/\/hostnetart.com.br\/baixada\/wp-json\/wp\/v2\/categories?post=12813"},{"taxonomy":"post_tag","embeddable":true,"href":"https:\/\/hostnetart.com.br\/baixada\/wp-json\/wp\/v2\/tags?post=12813"}],"curies":[{"name":"wp","href":"https:\/\/api.w.org\/{rel}","templated":true}]}}