{"id":12811,"date":"2022-07-14T13:58:17","date_gmt":"2022-07-14T16:58:17","guid":{"rendered":"https:\/\/hostnetart.com.br\/baixada\/sindicato-dos-bancarios-da-baixada-faz-atos-pelo-dia-nacional-de-luta-contra-a-reestruturacao-do-itau\/"},"modified":"2022-07-14T13:58:17","modified_gmt":"2022-07-14T16:58:17","slug":"sindicato-dos-bancarios-da-baixada-faz-atos-pelo-dia-nacional-de-luta-contra-a-reestruturacao-do-itau","status":"publish","type":"post","link":"https:\/\/hostnetart.com.br\/baixada\/sindicato-dos-bancarios-da-baixada-faz-atos-pelo-dia-nacional-de-luta-contra-a-reestruturacao-do-itau\/","title":{"rendered":"Sindicato faz atos pelo Dia Nacional de Luta contra a reestrutura\u00e7\u00e3o do Ita\u00fa"},"content":{"rendered":"<p>Nesta quinta-feira, 14 de julho, o Sindicato dos Banc\u00e1rios da Baixada Fluminense fez uma caravana, percorrendo ag\u00eancias banc\u00e1rias localizadas em Duque de Caxias e Nova Igua\u00e7u, onde diretores e diretoras falaram com banc\u00e1rias, banc\u00e1rios e popula\u00e7\u00e3o em geral, denunciando a onda de demiss\u00f5es que o Ita\u00fa vem promovendo.<\/p>\n<p>Os atos foram\u00a0em protesto contra a automa\u00e7\u00e3o da Diretoria de Opera\u00e7\u00f5es Centralizadas e da Diretoria de Neg\u00f3cios ItauCred Ve\u00edculos, que tem gerado muitas demiss\u00f5es.<\/p>\n<p>O banco deu o prazo de apenas 15 dias para a \u00e1rea de consignado e 60 dias para a\u00e9rea de ve\u00edculos para realoca\u00e7\u00e3o dos funcion\u00e1rios, no qual o banc\u00e1rio ter\u00e1 de se candidatar a uma vaga e passar por processo seletivo interno, para s\u00f3 depois ter o retorno da aprova\u00e7\u00e3o. Isso se conseguir encontrar uma vaga.\u00a0<\/p>\n<div class=\"elementor-element elementor-element-194680ec elementor-widget elementor-widget-theme-post-content\" data-id=\"194680ec\" data-element_type=\"widget\" data-widget_type=\"theme-post-content.default\">\n<div class=\"elementor-widget-container\">\n<p>At\u00e9 que a situa\u00e7\u00e3o seja resolvida, a Comiss\u00e3o de Organiza\u00e7\u00e3o dos Empregados (COE) do Ita\u00fa suspendeu todas as outras negocia\u00e7\u00f5es com o banco.<\/p>\n<\/div>\n<\/div>\n<p><em>*Confira mais fotos em nossas redes sociais<\/em><\/p>\n","protected":false},"excerpt":{"rendered":"<p>Nesta quinta-feira, 14 de julho, o Sindicato dos Banc\u00e1rios da Baixada Fluminense fez uma caravana, percorrendo ag\u00eancias banc\u00e1rias localizadas em Duque de Caxias e Nova Igua\u00e7u, onde diretores e diretoras falaram com banc\u00e1rias, banc\u00e1rios e popula\u00e7\u00e3o em geral, denunciando a onda de demiss\u00f5es que o Ita\u00fa vem promovendo. Os atos foram\u00a0em protesto contra a automa\u00e7\u00e3o [&hellip;]<\/p>\n","protected":false},"author":2,"featured_media":12810,"comment_status":"","ping_status":"","sticky":false,"template":"","format":"standard","meta":{"footnotes":""},"categories":[3],"tags":[],"class_list":["post-12811","post","type-post","status-publish","format-standard","has-post-thumbnail","hentry","category-noticias"],"_links":{"self":[{"href":"https:\/\/hostnetart.com.br\/baixada\/wp-json\/wp\/v2\/posts\/12811","targetHints":{"allow":["GET"]}}],"collection":[{"href":"https:\/\/hostnetart.com.br\/baixada\/wp-json\/wp\/v2\/posts"}],"about":[{"href":"https:\/\/hostnetart.com.br\/baixada\/wp-json\/wp\/v2\/types\/post"}],"author":[{"embeddable":true,"href":"https:\/\/hostnetart.com.br\/baixada\/wp-json\/wp\/v2\/users\/2"}],"replies":[{"embeddable":true,"href":"https:\/\/hostnetart.com.br\/baixada\/wp-json\/wp\/v2\/comments?post=12811"}],"version-history":[{"count":0,"href":"https:\/\/hostnetart.com.br\/baixada\/wp-json\/wp\/v2\/posts\/12811\/revisions"}],"wp:featuredmedia":[{"embeddable":true,"href":"https:\/\/hostnetart.com.br\/baixada\/wp-json\/wp\/v2\/media\/12810"}],"wp:attachment":[{"href":"https:\/\/hostnetart.com.br\/baixada\/wp-json\/wp\/v2\/media?parent=12811"}],"wp:term":[{"taxonomy":"category","embeddable":true,"href":"https:\/\/hostnetart.com.br\/baixada\/wp-json\/wp\/v2\/categories?post=12811"},{"taxonomy":"post_tag","embeddable":true,"href":"https:\/\/hostnetart.com.br\/baixada\/wp-json\/wp\/v2\/tags?post=12811"}],"curies":[{"name":"wp","href":"https:\/\/api.w.org\/{rel}","templated":true}]}}