{"id":1281,"date":"2013-08-06T00:00:00","date_gmt":"2013-08-06T03:00:00","guid":{"rendered":"https:\/\/hostnetart.com.br\/baixada\/primeira-rodada-entre-comando-nacional-e-fenaban-sera-nos-dias-8-e-9\/"},"modified":"2013-08-06T00:00:00","modified_gmt":"2013-08-06T03:00:00","slug":"primeira-rodada-entre-comando-nacional-e-fenaban-sera-nos-dias-8-e-9","status":"publish","type":"post","link":"https:\/\/hostnetart.com.br\/baixada\/primeira-rodada-entre-comando-nacional-e-fenaban-sera-nos-dias-8-e-9\/","title":{"rendered":"Primeira rodada entre Comando Nacional e Fenaban ser\u00e1 nos dias 8 e 9"},"content":{"rendered":"<p>Acontece na pr\u00f3xima quinta e sexta-feira, dias 8 e 9, a primeira rodada de negocia\u00e7\u00e3o do Comando Nacional dos Banc\u00e1rios, coordenado pela Contraf-CUT, com a Fenaban, em S\u00e3o Paulo. Nessa primeira etapa, ser\u00e1 discutido o bloco de reivindica\u00e7\u00f5es sobre condi\u00e7\u00f5es de trabalho, que envolve sa\u00fade do trabalhador, fim das metas abusivas e do ass\u00e9dio moral, e seguran\u00e7a banc\u00e1ria.<\/p>\n<p>\u00a0<\/p>\n<p>A Campanha Nacional dos Banc\u00e1rios deste ano tem como eixos centrais reajuste de 11,93% (infla\u00e7\u00e3o projetada do per\u00edodo mais aumento real de 5%), eleva\u00e7\u00e3o do piso salarial ao valor do sal\u00e1rio m\u00ednimo calculado pelo Dieese (R$ 2.860,21), defesa do emprego, fim da terceiriza\u00e7\u00e3o e melhores condi\u00e7\u00f5es de trabalho.<\/p>\n<p>\u00a0<\/p>\n<p>Os balan\u00e7os dos bancos mostram que a situa\u00e7\u00e3o do sistema financeiro \u00e9 muito s\u00f3lida, que os lucros continuam muito altos e que, por isso, eles t\u00eam plenas condi\u00e7\u00f5es de atenderem \u00e0s reivindica\u00e7\u00f5es dos banc\u00e1rios. O momento \u00e9 favor\u00e1vel para avan\u00e7ar nas conquistas econ\u00f4micas e sociais da categoria.<\/p>\n<p>\u00a0<\/p>\n<p>BB e Caixa<\/p>\n<p>\u00a0<\/p>\n<p>O Comando Nacional tamb\u00e9m entregou as pautas de reivindica\u00e7\u00f5es espec\u00edficas \u00e0s dire\u00e7\u00f5es do Banco do Brasil e da Caixa Econ\u00f4mica Federal. A primeira rodada de negocia\u00e7\u00f5es com o BB foi marcada para o dia 14, \u00e0s 13h, em Bras\u00edlia. Com a Caixa, as negocia\u00e7\u00f5es come\u00e7am na pr\u00f3xima sexta-feira, dia 9, \u00e0s 15h, tamb\u00e9m em Bras\u00edlia. Em ambas, o tema inicial ser\u00e1 sa\u00fade e condi\u00e7\u00f5es de trabalho.<\/p>\n<p>\u00a0<\/p>\n<p>Bancos privados obt\u00eam lucros astron\u00f4micos<\/p>\n<p>\u00a0<\/p>\n<p>Os tr\u00eas maiores bancos privados do pa\u00eds (Ita\u00fa, Bradesco e Santander) publicaram nos \u00faltimos dias os balan\u00e7os do primeiro semestre de 2013, somando lucros de R$ 15,905 bilh\u00f5es.<\/p>\n<p>\u00a0<\/p>\n<p>O lucro l\u00edquido do Ita\u00fa atingiu R$ 7,055 bilh\u00f5es, o segundo maior lucro semestral da hist\u00f3ria dos bancos brasileiros, s\u00f3 ficando atr\u00e1s de outro recorde do pr\u00f3prio banco no ano de 2011 (R$ 7,133 bilh\u00f5es). O Bradesco obteve lucro l\u00edquido de R$ 5,921 bilh\u00f5es, o maior da hist\u00f3ria do banco, e o Santander apurou um lucro gerencial de R$ 2,929 bilh\u00f5es.<\/p>\n<p>\u00a0<\/p>\n<p>No entanto, eles continuaram demitindo milhares de banc\u00e1rios, praticando rotatividade para reduzir custos e eliminando juntos 5.988 empregos no semestre. J\u00e1 nos \u00faltimos 12 meses os tr\u00eas bancos fecharam 10.254 empregos. Isso \u00e9 inaceit\u00e1vel. Eles est\u00e3o andando na contram\u00e3o do emprego, uma vez que o pa\u00eds gerou 826.168 novos postos de trabalho no per\u00edodo.<\/p>\n<p>\u00a0<\/p>\n<p>Vem pra luta, banc\u00e1rio e banc\u00e1ria!<\/p>\n<p>\u00a0<\/p>\n<p>Esses lucros, frutos do trabalho dos banc\u00e1rios, estimulam ainda mais a participa\u00e7\u00e3o nas atividades de mobiliza\u00e7\u00e3o dos banc\u00e1rios. Chegou a hora de ir \u00e0 luta para conquistar aumento real de sal\u00e1rio, emprego decente e distribui\u00e7\u00e3o de renda. Somente com ousadia, unidade e mobiliza\u00e7\u00e3o, vamos arrancar o atendimento das reivindica\u00e7\u00f5es da categoria.<\/p>\n<p>\u00a0<\/p>\n<p>Vem pra luta, banc\u00e1rio e banc\u00e1ria.<\/p>\n<p>\u00a0<br \/>Fonte: Contraf-CUT<\/p>\n","protected":false},"excerpt":{"rendered":"<p>Acontece na pr\u00f3xima quinta e sexta-feira, dias 8 e 9, a primeira rodada de negocia\u00e7\u00e3o do Comando Nacional dos Banc\u00e1rios, coordenado pela Contraf-CUT, com a Fenaban, em S\u00e3o Paulo. Nessa primeira etapa, ser\u00e1 discutido o bloco de reivindica\u00e7\u00f5es sobre condi\u00e7\u00f5es de trabalho, que envolve sa\u00fade do trabalhador, fim das metas abusivas e do ass\u00e9dio moral, [&hellip;]<\/p>\n","protected":false},"author":1,"featured_media":0,"comment_status":"","ping_status":"","sticky":false,"template":"","format":"standard","meta":{"footnotes":""},"categories":[3],"tags":[],"class_list":["post-1281","post","type-post","status-publish","format-standard","hentry","category-noticias"],"_links":{"self":[{"href":"https:\/\/hostnetart.com.br\/baixada\/wp-json\/wp\/v2\/posts\/1281","targetHints":{"allow":["GET"]}}],"collection":[{"href":"https:\/\/hostnetart.com.br\/baixada\/wp-json\/wp\/v2\/posts"}],"about":[{"href":"https:\/\/hostnetart.com.br\/baixada\/wp-json\/wp\/v2\/types\/post"}],"author":[{"embeddable":true,"href":"https:\/\/hostnetart.com.br\/baixada\/wp-json\/wp\/v2\/users\/1"}],"replies":[{"embeddable":true,"href":"https:\/\/hostnetart.com.br\/baixada\/wp-json\/wp\/v2\/comments?post=1281"}],"version-history":[{"count":0,"href":"https:\/\/hostnetart.com.br\/baixada\/wp-json\/wp\/v2\/posts\/1281\/revisions"}],"wp:attachment":[{"href":"https:\/\/hostnetart.com.br\/baixada\/wp-json\/wp\/v2\/media?parent=1281"}],"wp:term":[{"taxonomy":"category","embeddable":true,"href":"https:\/\/hostnetart.com.br\/baixada\/wp-json\/wp\/v2\/categories?post=1281"},{"taxonomy":"post_tag","embeddable":true,"href":"https:\/\/hostnetart.com.br\/baixada\/wp-json\/wp\/v2\/tags?post=1281"}],"curies":[{"name":"wp","href":"https:\/\/api.w.org\/{rel}","templated":true}]}}