{"id":12809,"date":"2022-07-13T15:45:03","date_gmt":"2022-07-13T18:45:03","guid":{"rendered":"https:\/\/hostnetart.com.br\/baixada\/por-que-e-necessaria-a-exposicao-de-crimes-de-abusos-contra-mulheres\/"},"modified":"2022-07-13T15:45:03","modified_gmt":"2022-07-13T18:45:03","slug":"por-que-e-necessaria-a-exposicao-de-crimes-de-abusos-contra-mulheres","status":"publish","type":"post","link":"https:\/\/hostnetart.com.br\/baixada\/por-que-e-necessaria-a-exposicao-de-crimes-de-abusos-contra-mulheres\/","title":{"rendered":"Por que \u00e9 necess\u00e1ria a exposi\u00e7\u00e3o de crimes de abusos contra mulheres"},"content":{"rendered":"<p>O estarrecedor caso do m\u00e9dico anestesista preso em flagrante por violar uma paciente durante cesariana recoloca o debate sobre o combate \u00e0 viol\u00eancia estrutural de g\u00eanero na sociedade. A avalia\u00e7\u00e3o \u00e9 da secret\u00e1ria da Mulher da Confedera\u00e7\u00e3o Nacional dos Trabalhadores do Ramo Financeiro (Contraf-CUT), Fernanda Lopes.<\/p>\n<p>\u201cQuando lemos as mat\u00e9rias sobre o caso, damos conta de que o m\u00e9dico criminoso atuou por pelo menos 10 anos em hospitais p\u00fablicos e privados. E foi somente ap\u00f3s a articula\u00e7\u00e3o das enfermeiras que ele foi descoberto e preso\u201d, observou Lopes, referindo-se ao trabalho da equipe do hospital que escondeu uma c\u00e2mera de celular que flagrou o crime, obtendo a prova que levou Giovanni Quintella \u00e0 pris\u00e3o.<\/p>\n<p>\u201cEssa hist\u00f3ria \u00e9 muito semelhante \u00e0 de Pedro Guimar\u00e3es, se analisarmos os fatores que o levaram \u00e0 queda\u201d, ponderou a secret\u00e1ria, ao lembrar que den\u00fancias contra ass\u00e9dios praticados pelo agora ex-presidente da Caixa foram acobertadas desde 2019. Mas, somente agora, em 2022, \u00e9 que Guimar\u00e3es foi exposto. \u201cFoi necess\u00e1rio que as v\u00edtimas se unissem para levar \u00e0s den\u00fancias ao Minist\u00e9rio P\u00fablico Federal\u201d, lembrou Lopes, que tamb\u00e9m coordena o projeto Basta! N\u00e3o ir\u00e3o nos calar.<\/p>\n<h3><strong>Acobertar fortalece crimes<\/strong><\/h3>\n<p>Em recente\u00a0<a href=\"https:\/\/www.redebrasilatual.com.br\/politica\/2022\/07\/denuncias-de-assedio-sao-acobertadas-desde-2019-diz-ex-funcionaria-da-caixa\/\">entrevista para Glauco Faria, do Jornal Brasil Atual<\/a>, a consultora jur\u00eddica aposentada da Caixa, Isabel Gomes avaliou que o acobertamento das den\u00fancias contra Guimar\u00e3es foi o que permitiu que \u201co fato tomasse essas propor\u00e7\u00f5es aterradoras que atingiram dezenas, e talvez centenas, de colegas\u201d. Conforme disse Isabel, o sil\u00eancio foi respons\u00e1vel por multiplicar o crime. \u201cAt\u00e9 porque o comportamento de um dirigente m\u00e1ximo de uma institui\u00e7\u00e3o acaba inspirando e influenciando as esferas inferiores. Ent\u00e3o hoje o que se diz \u00e9 que h\u00e1 ass\u00e9dio inclusive nas inst\u00e2ncias inferiores, chegando nas ag\u00eancias\u201d, completou.<\/p>\n<p>Isabel Gomes foi quem criou, em 2002, a ouvidoria da Caixa e viu a mesma estrutura ser desmontada, a partir de 2016. Ela disse que, nos bastidores, todo mundo sabia que as den\u00fancias n\u00e3o eram apuradas. \u201cPedro Guimar\u00e3es tinha at\u00e9 intermedi\u00e1rios para que as den\u00fancias n\u00e3o fossem apuradas. Assim chegamos a esse fato que \u00e9 aterrador, chocante e suja o nome de uma empresa que \u00e9 centen\u00e1ria\u201d, concluiu.<\/p>\n<h3><strong>O papel da mobiliza\u00e7\u00e3o<\/strong><\/h3>\n<p>Na semana em que\u00a0<a href=\"https:\/\/contrafcut.com.br\/noticias\/acusado-de-assedio-sexual-pedro-guimaraes-pede-demissao\/?swcfpc=1\" target=\"_blank\" rel=\"noopener noreferrer\">as den\u00fancias contra Pedro Guimar\u00e3es foram expostas<\/a>, a Contraf-CUT e as entidades sindicais organizaram um\u00a0<a href=\"https:\/\/contrafcut.com.br\/noticias\/dia-nacional-de-luta-contra-assedio-mobiliza-bancarias-em-todo-o-pais\/?swcfpc=1\" target=\"_blank\" rel=\"noopener noreferrer\">Dia Nacional de Luta contra o ass\u00e9dio moral e sexual<\/a>. E, durante a terceira rodada de negocia\u00e7\u00e3o da Campanha Nacional 2022, que ocorreu na primeira semana de julho, o\u00a0<a href=\"https:\/\/contrafcut.com.br\/noticias\/campanha-nacional-negociacao-conquista-avancos-no-combate-ao-assedio-sexual\/?swcfpc=1\" target=\"_blank\" rel=\"noopener noreferrer\">Comando Nacional dos Banc\u00e1rios entregou \u00e0 Federa\u00e7\u00e3o Nacional dos Bancos (Fenaban) propostas para o fim de abusos e equidade em todos os segmentos, com destaque ao combate ao ass\u00e9dio sexual e moral<\/a>.<\/p>\n<p>\u201cS\u00f3 vamos alcan\u00e7ar uma sociedade justa com esse processo terap\u00eautico de exposi\u00e7\u00e3o e combate aos casos de abuso\u201d, explicou Fernanda Lopes. \u201cTodas essas a\u00e7\u00f5es s\u00e3o importantes n\u00e3o apenas para conscientizar a sociedade que as mulheres, al\u00e9m de sofrerem discrimina\u00e7\u00e3o salarial, nas promo\u00e7\u00f5es e na ocupa\u00e7\u00e3o de altos cargos na empresa, ainda precisam enfrentar o ass\u00e9dio sexual, mas tamb\u00e9m para n\u00e3o perdermos de vista que n\u00e3o vamos avan\u00e7ar no combate \u00e0 viol\u00eancia de g\u00eanero sem a a\u00e7\u00e3o organizada, sem a a\u00e7\u00e3o conjunta\u201d, concluiu.<\/p>\n<h3>Projeto Basta!<\/h3>\n<p>Para Fernanda, o Projeto Basta! N\u00e3o ir\u00e3o nos calar faz parte desse movimento de combate \u00e0 viol\u00eancia contra a mulher na categoria banc\u00e1ria. O programa oferece assessoria t\u00e9cnica \u00e0s federa\u00e7\u00f5es e aos sindicatos, para implanta\u00e7\u00e3o de canais de atendimento jur\u00eddico especializado para mulheres em situa\u00e7\u00e3o de viol\u00eancia dom\u00e9stica e familiar.<\/p>\n<p>A ideia foi inspirada no exemplo do Sindicato dos Banc\u00e1rios de S\u00e3o Paulo, Osasco e Regi\u00e3o, que desde dezembro de 2019 oferece este servi\u00e7o j\u00e1 atendeu a mais de 200 mulheres.<\/p>\n<p>\u201cEsse programa de acolhimento e assist\u00eancia \u00e0s mulheres v\u00edtimas de viol\u00eancia se mostrou importante ferramenta durante a pandemia, pois as mulheres estavam em casa, e o canal se tornou um facilitador para que elas efetivassem a den\u00fancia\u201d, afirmou.<\/p>\n<p><strong>Fonte: Contraf-CUT<\/strong><\/p>\n","protected":false},"excerpt":{"rendered":"<p>O estarrecedor caso do m\u00e9dico anestesista preso em flagrante por violar uma paciente durante cesariana recoloca o debate sobre o combate \u00e0 viol\u00eancia estrutural de g\u00eanero na sociedade. A avalia\u00e7\u00e3o \u00e9 da secret\u00e1ria da Mulher da Confedera\u00e7\u00e3o Nacional dos Trabalhadores do Ramo Financeiro (Contraf-CUT), Fernanda Lopes. \u201cQuando lemos as mat\u00e9rias sobre o caso, damos conta [&hellip;]<\/p>\n","protected":false},"author":2,"featured_media":12808,"comment_status":"","ping_status":"","sticky":false,"template":"","format":"standard","meta":{"footnotes":""},"categories":[3],"tags":[],"class_list":["post-12809","post","type-post","status-publish","format-standard","has-post-thumbnail","hentry","category-noticias"],"_links":{"self":[{"href":"https:\/\/hostnetart.com.br\/baixada\/wp-json\/wp\/v2\/posts\/12809","targetHints":{"allow":["GET"]}}],"collection":[{"href":"https:\/\/hostnetart.com.br\/baixada\/wp-json\/wp\/v2\/posts"}],"about":[{"href":"https:\/\/hostnetart.com.br\/baixada\/wp-json\/wp\/v2\/types\/post"}],"author":[{"embeddable":true,"href":"https:\/\/hostnetart.com.br\/baixada\/wp-json\/wp\/v2\/users\/2"}],"replies":[{"embeddable":true,"href":"https:\/\/hostnetart.com.br\/baixada\/wp-json\/wp\/v2\/comments?post=12809"}],"version-history":[{"count":0,"href":"https:\/\/hostnetart.com.br\/baixada\/wp-json\/wp\/v2\/posts\/12809\/revisions"}],"wp:featuredmedia":[{"embeddable":true,"href":"https:\/\/hostnetart.com.br\/baixada\/wp-json\/wp\/v2\/media\/12808"}],"wp:attachment":[{"href":"https:\/\/hostnetart.com.br\/baixada\/wp-json\/wp\/v2\/media?parent=12809"}],"wp:term":[{"taxonomy":"category","embeddable":true,"href":"https:\/\/hostnetart.com.br\/baixada\/wp-json\/wp\/v2\/categories?post=12809"},{"taxonomy":"post_tag","embeddable":true,"href":"https:\/\/hostnetart.com.br\/baixada\/wp-json\/wp\/v2\/tags?post=12809"}],"curies":[{"name":"wp","href":"https:\/\/api.w.org\/{rel}","templated":true}]}}