{"id":12807,"date":"2022-07-13T15:43:08","date_gmt":"2022-07-13T18:43:08","guid":{"rendered":"https:\/\/hostnetart.com.br\/baixada\/emprego-bancario-cai-pelo-terceiro-mes-consecutivo\/"},"modified":"2022-07-13T15:43:08","modified_gmt":"2022-07-13T18:43:08","slug":"emprego-bancario-cai-pelo-terceiro-mes-consecutivo","status":"publish","type":"post","link":"https:\/\/hostnetart.com.br\/baixada\/emprego-bancario-cai-pelo-terceiro-mes-consecutivo\/","title":{"rendered":"Emprego banc\u00e1rio cai pelo terceiro m\u00eas consecutivo"},"content":{"rendered":"<p>Pelo terceiro m\u00eas consecutivo, a categoria banc\u00e1ria apresentou fechamento de postos de trabalho. Em maio, foram eliminados 433 postos, resultante de 3.172 admiss\u00f5es e 3.605 desligamentos, maior n\u00edvel desde outubro de 2021. Do total de vagas fechadas no m\u00eas, 322 vagas (74,4%) em Bancos M\u00faltiplos com carteira comercial. Os n\u00fameros s\u00e3o do Cadastro Geral de Empregados e Desempregados (Novo Caged).<\/p>\n<p>Entre mar\u00e7o e maio, foram fechados cerca de 800 postos de trabalho. No acumulado dos \u00faltimos 12 meses, no entanto, ocorreu a cria\u00e7\u00e3o de 8,3 mil postos de trabalho, decorrente de forte impacto de contrata\u00e7\u00f5es da Caixa Econ\u00f4mica Federal, a partir de decis\u00e3o judicial favor\u00e1vel \u00e0 contrata\u00e7\u00e3o de trabalhadores aprovados no concurso de 2014. No ano, o setor acumula cria\u00e7\u00e3o de 2,7 mil postos.<\/p>\n<p>\u201c\u00c9 muito preocupante essa sequ\u00eancia negativa no emprego banc\u00e1rio entre mar\u00e7o e maio deste ano. Principalmente, se levarmos em conta que o saldo positivo que vinha acontecendo desde o ano passado era baseado na contrata\u00e7\u00e3o de trabalhadores que h\u00e1 muito tempo esperavam ser chamados pela aprova\u00e7\u00e3o dos concursos ou de trabalhadores voltados para a Tecnologia de Informa\u00e7\u00e3o. \u00c9 n\u00edtida a inten\u00e7\u00e3o dos bancos de cada vez mais diminuir as ag\u00eancias e consequentemente os trabalhadores que l\u00e1 atuam\u201d, afirmou Walcir Previtale, secret\u00e1rio de Assuntos Socioecon\u00f4micos da Confedera\u00e7\u00e3o Nacional dos Trabalhadores do Ramo Financeiro (Contraf-CUT)<\/p>\n<h3>Rotatividade<\/h3>\n<p>Quase nenhuma contrata\u00e7\u00e3o foi via primeiro emprego, apesar de os bancos mencionarem programas de inclus\u00e3o de jovens. Nos desligamentos, a modalidade demiss\u00f5es a pedido do trabalhador representou 37,3% da totalidade, queda em rela\u00e7\u00e3o aos meses anteriores. Em contrapartida, os desligamentos sem justa causa, motivados pelo empregador, somaram 56% do total, maior patamar dos \u00faltimos 12 meses.<\/p>\n<p>O sal\u00e1rio mensal m\u00e9dio de um banc\u00e1rio admitido em abril alcan\u00e7ou o valor de R$ 5.403,87 enquanto o do desligado foi de R$ 6.107,26, isto \u00e9, o sal\u00e1rio m\u00e9dio do contratado correspondeu a 88,5% do que se desligou.<\/p>\n<p>Para o secret\u00e1rio da Contraf-CUT, essa \u00e9 a antiga estrat\u00e9gia de cortar custos reduzindo sal\u00e1rios dos novos contratados, que pode se mostrar extremamente equivocada para a longevidade da empresa. \u201cIsso porque, esses sal\u00e1rios mais baixos n\u00e3o levam \u00e0 melhoria da lucratividade da empresa, uma vez que a decis\u00e3o de contratar novos trabalhadores com sal\u00e1rios mais baixos faz com que ambos, trabalhadores novos e atuais, se esforcem menos\u201d.<\/p>\n<h3>Faixa et\u00e1ria e sexo<\/h3>\n<p>Sobre a distribui\u00e7\u00e3o da movimenta\u00e7\u00e3o do emprego com recorte de g\u00eanero, observa-se que o saldo negativo, em maio, se deu exclusivamente entre as mulheres (-546 postos), enquanto entre os homens foi positivo (+113 postos).<\/p>\n<p>No ano, os desligamentos foram mais efetivos entre as mulheres (-7.946 postos) em rela\u00e7\u00e3o aos homens (-7.182 postos). J\u00e1 nas admiss\u00f5es, s\u00e3o 10.380 postos destinados a homens contra 7.523 a mulheres. Assim, o saldo entre janeiro e maio de 2022, \u00e9 negativo para banc\u00e1rias, com a elimina\u00e7\u00e3o de 424 postos, e positivo para banc\u00e1rios, com abertura de 3.198 postos. Esta situa\u00e7\u00e3o, se prorrogada, afetar\u00e1 diretamente no estoque de trabalhadores do setor banc\u00e1rio, tornando-o ainda menos igualit\u00e1rio.<\/p>\n<p>Para Fernanda Lopes, secret\u00e1ria da Mulher da Contraf-CUT, \u201cos n\u00fameros mostram que a discrimina\u00e7\u00e3o \u00e9 estrutural no Brasil, e se manifesta mesmo contra uma categoria bem organizada, como a nossa. Por isso, a luta pela igualdade de g\u00eanero deve ser constante, n\u00e3o devemos baixar a guarda nunca\u201d.<\/p>\n<p>No que toca a quest\u00e3o das faixas et\u00e1rias, o saldo \u00e9 positivo entre as faixas at\u00e9 29 anos, com amplia\u00e7\u00e3o de 936 vagas. J\u00e1 para as demais faixas et\u00e1rias, o movimento foi contr\u00e1rio, com o fechamento de 1.369 vagas.<\/p>\n<p><a href=\"https:\/\/contrafcut.com.br\/wp-content\/uploads\/2022\/07\/peb-15-julho-2022-1.pdf\">Confira aqui<\/a>\u00a0a an\u00e1lise mais detalhada no estudo do Departamento Intersindical de Estat\u00edstica e Estudos Socioecon\u00f4micos (Dieese), subse\u00e7\u00e3o Contraf-CUT.<\/p>\n<p><strong>Fonte: Contraf-CUT<\/strong><\/p>\n","protected":false},"excerpt":{"rendered":"<p>Pelo terceiro m\u00eas consecutivo, a categoria banc\u00e1ria apresentou fechamento de postos de trabalho. Em maio, foram eliminados 433 postos, resultante de 3.172 admiss\u00f5es e 3.605 desligamentos, maior n\u00edvel desde outubro de 2021. Do total de vagas fechadas no m\u00eas, 322 vagas (74,4%) em Bancos M\u00faltiplos com carteira comercial. Os n\u00fameros s\u00e3o do Cadastro Geral de [&hellip;]<\/p>\n","protected":false},"author":2,"featured_media":12806,"comment_status":"","ping_status":"","sticky":false,"template":"","format":"standard","meta":{"footnotes":""},"categories":[3],"tags":[],"class_list":["post-12807","post","type-post","status-publish","format-standard","has-post-thumbnail","hentry","category-noticias"],"_links":{"self":[{"href":"https:\/\/hostnetart.com.br\/baixada\/wp-json\/wp\/v2\/posts\/12807","targetHints":{"allow":["GET"]}}],"collection":[{"href":"https:\/\/hostnetart.com.br\/baixada\/wp-json\/wp\/v2\/posts"}],"about":[{"href":"https:\/\/hostnetart.com.br\/baixada\/wp-json\/wp\/v2\/types\/post"}],"author":[{"embeddable":true,"href":"https:\/\/hostnetart.com.br\/baixada\/wp-json\/wp\/v2\/users\/2"}],"replies":[{"embeddable":true,"href":"https:\/\/hostnetart.com.br\/baixada\/wp-json\/wp\/v2\/comments?post=12807"}],"version-history":[{"count":0,"href":"https:\/\/hostnetart.com.br\/baixada\/wp-json\/wp\/v2\/posts\/12807\/revisions"}],"wp:featuredmedia":[{"embeddable":true,"href":"https:\/\/hostnetart.com.br\/baixada\/wp-json\/wp\/v2\/media\/12806"}],"wp:attachment":[{"href":"https:\/\/hostnetart.com.br\/baixada\/wp-json\/wp\/v2\/media?parent=12807"}],"wp:term":[{"taxonomy":"category","embeddable":true,"href":"https:\/\/hostnetart.com.br\/baixada\/wp-json\/wp\/v2\/categories?post=12807"},{"taxonomy":"post_tag","embeddable":true,"href":"https:\/\/hostnetart.com.br\/baixada\/wp-json\/wp\/v2\/tags?post=12807"}],"curies":[{"name":"wp","href":"https:\/\/api.w.org\/{rel}","templated":true}]}}