{"id":12805,"date":"2022-07-13T15:37:33","date_gmt":"2022-07-13T18:37:33","guid":{"rendered":"https:\/\/hostnetart.com.br\/baixada\/gt-saude-caixa-sera-implementado-nesta-quarta-feira-13\/"},"modified":"2022-07-13T15:37:33","modified_gmt":"2022-07-13T18:37:33","slug":"gt-saude-caixa-sera-implementado-nesta-quarta-feira-13","status":"publish","type":"post","link":"https:\/\/hostnetart.com.br\/baixada\/gt-saude-caixa-sera-implementado-nesta-quarta-feira-13\/","title":{"rendered":"GT Sa\u00fade Caixa ser\u00e1 implementado nesta quarta-feira (13)"},"content":{"rendered":"<p>O Grupo de Trabalho (GT) bipartite Sa\u00fade Caixa ser\u00e1 implementado novamente em reuni\u00e3o na tarde desta quarta-feira (13), por videoconfer\u00eancia. O objetivo do grupo \u00e9 criar uma proposta de gest\u00e3o, que passar\u00e1 pelo crivo da mesa permanente de negocia\u00e7\u00e3o e, posteriormente, dos benefici\u00e1rios.<\/p>\n<p>A renova\u00e7\u00e3o do GT Sa\u00fade Caixa com mais acesso a relat\u00f3rios, dados, acompanhamento de credenciamento e descredenciamento, com vistas a dar suporte para a mesa permanente, foi uma conquista dos empregados no aditivo no Acordo Coletivo de Trabalho (ACT) do Sa\u00fade Caixa, aprovado no final de outubro de 2021, com dura\u00e7\u00e3o at\u00e9 o final de agosto de 2023.<\/p>\n<p>O primeiro GT Sa\u00fade Caixa foi criado em 2020 para discutir uma proposta de custeio e de gest\u00e3o para o plano, que apresentou d\u00e9ficits entre 2016 e 2020, que seria aplicada \u00e0 partir de janeiro de 2022, conforme o Acordo Coletivo de Trabalho (ACT) 2020\/2022. Entretanto, a Caixa comunicou unilateralmente o fim dos trabalhos, em agosto de 2021.<\/p>\n<p>\u201cNosso objetivo \u00e9 a constru\u00e7\u00e3o de consenso de proposta para sustentabilidade e viabilidade do plano de assist\u00eancia \u00e0 sa\u00fade dos empregados. E, para que possamos construir propostas, \u00e9 imprescind\u00edvel que tenhamos acesso a todas as informa\u00e7\u00f5es do nosso plano. Por isso, contamos com total transpar\u00eancia do banco\u201d, afirmou o coordenador da Comiss\u00e3o Executiva dos Empregados da Caixa, Clot\u00e1rio Cardoso.<\/p>\n<p><strong>Fonte: Contraf-CUT<\/strong><\/p>\n","protected":false},"excerpt":{"rendered":"<p>O Grupo de Trabalho (GT) bipartite Sa\u00fade Caixa ser\u00e1 implementado novamente em reuni\u00e3o na tarde desta quarta-feira (13), por videoconfer\u00eancia. O objetivo do grupo \u00e9 criar uma proposta de gest\u00e3o, que passar\u00e1 pelo crivo da mesa permanente de negocia\u00e7\u00e3o e, posteriormente, dos benefici\u00e1rios. A renova\u00e7\u00e3o do GT Sa\u00fade Caixa com mais acesso a relat\u00f3rios, dados, [&hellip;]<\/p>\n","protected":false},"author":2,"featured_media":12804,"comment_status":"","ping_status":"","sticky":false,"template":"","format":"standard","meta":{"footnotes":""},"categories":[3],"tags":[],"class_list":["post-12805","post","type-post","status-publish","format-standard","has-post-thumbnail","hentry","category-noticias"],"_links":{"self":[{"href":"https:\/\/hostnetart.com.br\/baixada\/wp-json\/wp\/v2\/posts\/12805","targetHints":{"allow":["GET"]}}],"collection":[{"href":"https:\/\/hostnetart.com.br\/baixada\/wp-json\/wp\/v2\/posts"}],"about":[{"href":"https:\/\/hostnetart.com.br\/baixada\/wp-json\/wp\/v2\/types\/post"}],"author":[{"embeddable":true,"href":"https:\/\/hostnetart.com.br\/baixada\/wp-json\/wp\/v2\/users\/2"}],"replies":[{"embeddable":true,"href":"https:\/\/hostnetart.com.br\/baixada\/wp-json\/wp\/v2\/comments?post=12805"}],"version-history":[{"count":0,"href":"https:\/\/hostnetart.com.br\/baixada\/wp-json\/wp\/v2\/posts\/12805\/revisions"}],"wp:featuredmedia":[{"embeddable":true,"href":"https:\/\/hostnetart.com.br\/baixada\/wp-json\/wp\/v2\/media\/12804"}],"wp:attachment":[{"href":"https:\/\/hostnetart.com.br\/baixada\/wp-json\/wp\/v2\/media?parent=12805"}],"wp:term":[{"taxonomy":"category","embeddable":true,"href":"https:\/\/hostnetart.com.br\/baixada\/wp-json\/wp\/v2\/categories?post=12805"},{"taxonomy":"post_tag","embeddable":true,"href":"https:\/\/hostnetart.com.br\/baixada\/wp-json\/wp\/v2\/tags?post=12805"}],"curies":[{"name":"wp","href":"https:\/\/api.w.org\/{rel}","templated":true}]}}